{"id":661449,"date":"2025-12-21T06:30:25","date_gmt":"2025-12-21T06:30:25","guid":{"rendered":"https:\/\/www.europesays.com\/de\/661449\/"},"modified":"2025-12-21T06:30:25","modified_gmt":"2025-12-21T06:30:25","slug":"digitaler-kulturspaziergang-durch-chemnitzer-park","status":"publish","type":"post","link":"https:\/\/www.europesays.com\/de\/661449\/","title":{"rendered":"Digitaler Kulturspaziergang durch Chemnitzer Park"},"content":{"rendered":"<p>Chemnitz &#8211; <b>Kunst erleben, ohne zu sehen: Zum Ende des <\/b><a href=\"https:\/\/www.tag24.de\/chemnitz\/chemnitz2025\" target=\"_blank\" rel=\"noopener\">Kulturhauptstadtjahres<\/a><b> 2025 setzt das Wohnzentrum des Arbeiter-Samariter-Bundes (ASB) <\/b><a href=\"https:\/\/www.tag24.de\/chemnitz\" target=\"_blank\" rel=\"noopener\">Chemnitz<\/a><b class=\"\"> ein starkes Zeichen f\u00fcr Inklusion. Gemeinsam mit Menschen mit und ohne Behinderung entstand ein barrierefreier Kunstspaziergang durch den Park der Opfer des Faschismus speziell f\u00fcr blinde und sehbehinderte Menschen.\u00b4<\/b><\/p>\n<p>            <img loading=\"lazy\" decoding=\"async\" class=\"article__img\" alt=\"Per App k\u00f6nnen Blinde und Menschen mit Sehbehinderung einen Kunstspaziergang durch den Park der OdF machen.\" width=\"951\" height=\"634\" src=\"https:\/\/www.europesays.com\/de\/wp-content\/uploads\/2025\/12\/xe8eslb4g2ihz9r9xyrtn150cuua0z4l.jpg\"  \/><\/p>\n<p>            Per App k\u00f6nnen Blinde und Menschen mit Sehbehinderung einen Kunstspaziergang durch den Park der OdF machen.\u00a0\u00a0\u00a9\u00a0ASB Chemnitz<\/p>\n<p>Herzst\u00fcck des Projekts ist eine begleitende App. \u00dcber die Website <a href=\"https:\/\/kunstspaziergang-chemnitz.de\/startseite.html\" target=\"_blank\" rel=\"noopener\" data-vars-href=\"https:\/\/kunstspaziergang-chemnitz.de\/startseite.html\" data-vars->kunstspaziergang-chemnitz.de<\/a> lassen sich Inhalte individuell anpassen, in eigener Geschwindigkeit abrufen und nach Interessen filtern. <\/p>\n<p>Die n\u00f6tige Orientierung im Park liefern Geodaten \u00fcber &#8222;Voice Vista&#8220; (ein Navi speziell f\u00fcr blinde und sehbehinderte Menschen). Insgesamt sind Informationen zu 20 Stationen abrufbar &#8211; von Kunstwerken bis hin zu Geb\u00e4uden und Orten mit historischer, kultureller oder sozialer Bedeutung wie dem Agricola-Gymnasium.<\/p>\n<p>Alle Inhalte sind barrierearm per Smartphone nutzbar. Gepflegt wird das System direkt im ASB-Wohnzentrum an PC-Arbeitspl\u00e4tzen und kann jederzeit erweitert werden. <\/p>\n<p>                             <a data-aid=\"3446839\" data-atype=\"news\" data-aplacement=\"inread-article\" data-aplacementid=\"3450579\" href=\"https:\/\/www.tag24.de\/chemnitz\/kultur-leute\/turbo-fruehling-in-chemnitz-wie-schmeckt-eigentlich-gluehwein-bei-15-grad-und-sonnenschein-3446839\" target=\"_blank\" rel=\"noopener\"><img loading=\"lazy\" decoding=\"async\" width=\"85\" height=\"57\" alt=\"Chemnitz: Turbo-Fr\u00fchling in Chemnitz: Wie schmeckt Gl\u00fchwein bei 15 Grad und Sonnenschein?\" src=\"https:\/\/www.europesays.com\/de\/wp-content\/uploads\/2025\/12\/5ehxur2bxwdvt01q7kzm3b311rl4owyp.jpg\"\/><\/a><\/p>\n<p>            Chemnitz Kultur &amp; Leute<br \/>\n                            <a class=\"inread-article__headline\" data-aid=\"3446839\" data-atype=\"news\" data-aplacement=\"inread-article\" data-aplacementid=\"3450579\" href=\"https:\/\/www.tag24.de\/chemnitz\/kultur-leute\/turbo-fruehling-in-chemnitz-wie-schmeckt-eigentlich-gluehwein-bei-15-grad-und-sonnenschein-3446839\" target=\"_blank\" rel=\"noopener\">Turbo-Fr\u00fchling in Chemnitz: Wie schmeckt Gl\u00fchwein bei 15 Grad und Sonnenschein?<\/a><\/p>\n<p>&#8222;Diese Aktion bietet eine wertvolle M\u00f6glichkeit, das Bewusstsein f\u00fcr die Lebensrealit\u00e4ten von Menschen mit besonderen Bedarfen zu st\u00e4rken&#8220;, so Einrichtungsleiter Silvio Wagner.<\/p>\n<p><b>Zudem m\u00f6chte man den Dialog f\u00f6rdern und voneinander lernen. Die Idee f\u00fcr den inklusiven Spaziergang reicht bis ins Jahr 2011, seit 2012 finden regelm\u00e4\u00dfig gef\u00fchrte Rundg\u00e4nge statt.<\/b><\/p>\n","protected":false},"excerpt":{"rendered":"Chemnitz &#8211; Kunst erleben, ohne zu sehen: Zum Ende des Kulturhauptstadtjahres 2025 setzt das Wohnzentrum des Arbeiter-Samariter-Bundes (ASB)&hellip;\n","protected":false},"author":2,"featured_media":661450,"comment_status":"","ping_status":"","sticky":false,"template":"","format":"standard","meta":{"footnotes":""},"categories":[1851],"tags":[2770,3364,29,548,663,3934,30,13,14,15,859,12],"class_list":{"0":"post-661449","1":"post","2":"type-post","3":"status-publish","4":"format-standard","5":"has-post-thumbnail","7":"category-chemnitz","8":"tag-chemnitz","9":"tag-de","10":"tag-deutschland","11":"tag-eu","12":"tag-europa","13":"tag-europe","14":"tag-germany","15":"tag-headlines","16":"tag-nachrichten","17":"tag-news","18":"tag-sachsen","19":"tag-schlagzeilen"},"share_on_mastodon":{"url":"https:\/\/pubeurope.com\/@de\/115756153902000150","error":""},"_links":{"self":[{"href":"https:\/\/www.europesays.com\/de\/wp-json\/wp\/v2\/posts\/661449","targetHints":{"allow":["GET"]}}],"collection":[{"href":"https:\/\/www.europesays.com\/de\/wp-json\/wp\/v2\/posts"}],"about":[{"href":"https:\/\/www.europesays.com\/de\/wp-json\/wp\/v2\/types\/post"}],"author":[{"embeddable":true,"href":"https:\/\/www.europesays.com\/de\/wp-json\/wp\/v2\/users\/2"}],"replies":[{"embeddable":true,"href":"https:\/\/www.europesays.com\/de\/wp-json\/wp\/v2\/comments?post=661449"}],"version-history":[{"count":0,"href":"https:\/\/www.europesays.com\/de\/wp-json\/wp\/v2\/posts\/661449\/revisions"}],"wp:featuredmedia":[{"embeddable":true,"href":"https:\/\/www.europesays.com\/de\/wp-json\/wp\/v2\/media\/661450"}],"wp:attachment":[{"href":"https:\/\/www.europesays.com\/de\/wp-json\/wp\/v2\/media?parent=661449"}],"wp:term":[{"taxonomy":"category","embeddable":true,"href":"https:\/\/www.europesays.com\/de\/wp-json\/wp\/v2\/categories?post=661449"},{"taxonomy":"post_tag","embeddable":true,"href":"https:\/\/www.europesays.com\/de\/wp-json\/wp\/v2\/tags?post=661449"}],"curies":[{"name":"wp","href":"https:\/\/api.w.org\/{rel}","templated":true}]}}