{"id":661458,"date":"2025-12-21T06:36:15","date_gmt":"2025-12-21T06:36:15","guid":{"rendered":"https:\/\/www.europesays.com\/de\/661458\/"},"modified":"2025-12-21T06:36:15","modified_gmt":"2025-12-21T06:36:15","slug":"leben-mit-demenz-neues-programm-fuer-ludwigshafen-startet-ludwigshafen","status":"publish","type":"post","link":"https:\/\/www.europesays.com\/de\/661458\/","title":{"rendered":"Leben mit Demenz: Neues Programm f\u00fcr Ludwigshafen startet &#8211; Ludwigshafen"},"content":{"rendered":"<p><b\/>Die Stadtverwaltung <a class=\"rtr-entity\" data-rtr-entity=\"Ludwigshafen\" data-rtr-id=\"26b4406521e36b503c690e53e1b9dec3bdb26dfe\" data-rtr-score=\"145.90495449949444\" data-rtr-etype=\"location\" data-rtr-index=\"3\" href=\"https:\/\/www.rheinpfalz.de\/lokal\/ludwigshafen.html?utm_source=rheinpfalz.de&amp;utm_medium=tms&amp;utm_campaign=intext\" target=\"_blank\" rel=\"noopener\">Ludwigshafen<\/a> hat gemeinsam mit dem Demenzverbund das neue Veranstaltungsprogramm \u201eLeben mit Demenz in Ludwigshafen\u201c f\u00fcr das erste Halbjahr 2026 herausgebracht. Die Brosch\u00fcre richtet sich an Menschen mit Demenz, deren Angeh\u00f6rige und Interessierte und b\u00fcndelt eine Vielzahl an Angeboten.  Sie umfasst Vortr\u00e4ge, Workshops, kreative und kulturelle Aktivit\u00e4ten sowie Schulungen f\u00fcr Angeh\u00f6rige, um mit der Krankheit besser umgehen zu k\u00f6nnen. Ziel ist es, die Vielfalt lokaler Angebote sichtbar und leicht zug\u00e4nglich zu machen.  Es ist die zweite Brosch\u00fcre dieser Art nach der Erstauflage f\u00fcr das zweite Halbjahr 2025. Das Programm erscheint halbj\u00e4hrlich und liegt in st\u00e4dtischen Einrichtungen wie Seniorentreffs, B\u00fcrgerb\u00fcros und in den Kliniken in Ludwigshafen aus. Es ist auch im Internet online unter <a href=\"https:\/\/www.ludwigshafen.de\/demenzverbund\" target=\"_blank\" class=\"external-link-new-window\" title=\"\" rel=\"noopener\">www.ludwigshafen.de\/demenzverbund <\/a>verf\u00fcgbar.   <\/p>\n","protected":false},"excerpt":{"rendered":"Die Stadtverwaltung Ludwigshafen hat gemeinsam mit dem Demenzverbund das neue Veranstaltungsprogramm \u201eLeben mit Demenz in Ludwigshafen\u201c f\u00fcr das&hellip;\n","protected":false},"author":2,"featured_media":661459,"comment_status":"","ping_status":"","sticky":false,"template":"","format":"standard","meta":{"footnotes":""},"categories":[1845],"tags":[1634,3364,29,548,663,3934,30,13,4060,25476,2096,14,15,12],"class_list":{"0":"post-661458","1":"post","2":"type-post","3":"status-publish","4":"format-standard","5":"has-post-thumbnail","7":"category-mannheim","8":"tag-baden-wuerttemberg","9":"tag-de","10":"tag-deutschland","11":"tag-eu","12":"tag-europa","13":"tag-europe","14":"tag-germany","15":"tag-headlines","16":"tag-lokal","17":"tag-ludwigshafen","18":"tag-mannheim","19":"tag-nachrichten","20":"tag-news","21":"tag-schlagzeilen"},"share_on_mastodon":{"url":"https:\/\/pubeurope.com\/@de\/115756176895576118","error":""},"_links":{"self":[{"href":"https:\/\/www.europesays.com\/de\/wp-json\/wp\/v2\/posts\/661458","targetHints":{"allow":["GET"]}}],"collection":[{"href":"https:\/\/www.europesays.com\/de\/wp-json\/wp\/v2\/posts"}],"about":[{"href":"https:\/\/www.europesays.com\/de\/wp-json\/wp\/v2\/types\/post"}],"author":[{"embeddable":true,"href":"https:\/\/www.europesays.com\/de\/wp-json\/wp\/v2\/users\/2"}],"replies":[{"embeddable":true,"href":"https:\/\/www.europesays.com\/de\/wp-json\/wp\/v2\/comments?post=661458"}],"version-history":[{"count":0,"href":"https:\/\/www.europesays.com\/de\/wp-json\/wp\/v2\/posts\/661458\/revisions"}],"wp:featuredmedia":[{"embeddable":true,"href":"https:\/\/www.europesays.com\/de\/wp-json\/wp\/v2\/media\/661459"}],"wp:attachment":[{"href":"https:\/\/www.europesays.com\/de\/wp-json\/wp\/v2\/media?parent=661458"}],"wp:term":[{"taxonomy":"category","embeddable":true,"href":"https:\/\/www.europesays.com\/de\/wp-json\/wp\/v2\/categories?post=661458"},{"taxonomy":"post_tag","embeddable":true,"href":"https:\/\/www.europesays.com\/de\/wp-json\/wp\/v2\/tags?post=661458"}],"curies":[{"name":"wp","href":"https:\/\/api.w.org\/{rel}","templated":true}]}}