{"id":661462,"date":"2025-12-21T06:38:23","date_gmt":"2025-12-21T06:38:23","guid":{"rendered":"https:\/\/www.europesays.com\/de\/661462\/"},"modified":"2025-12-21T06:38:23","modified_gmt":"2025-12-21T06:38:23","slug":"die-gewinner-von-tuerchen-21","status":"publish","type":"post","link":"https:\/\/www.europesays.com\/de\/661462\/","title":{"rendered":"Die Gewinner von T\u00fcrchen 21!"},"content":{"rendered":"<p class=\"mb-6 text-xs md:text-m lg:text-l font-serif group-[.font-sans]:font-sans \">\n    Wohnzimmer zu dunkel, Schreibtisch zu grell, Esstisch ohne Wohlf\u00fchlfaktor? Hinter T\u00fcrchen Nummer 22 des Karlsruher Adventskalenders warten heute<strong class=\"font-bold\"> f\u00fcnf Gutscheine im Wert von jeweils 100 Euro<\/strong> von der <strong class=\"font-bold\">Licht + Planung GmbH &amp; Co. KG<\/strong>.\n  <\/p>\n<p class=\"mb-6 text-xs md:text-m lg:text-l font-serif group-[.font-sans]:font-sans \">\n    Das Karlsruher Fachunternehmen zeigt, wie sehr gutes Licht R\u00e4ume ver\u00e4ndert: von stilvollen Leuchten bis hin zu durchdachten Lichtkonzepten f\u00fcr Wohnen, Arbeiten und Au\u00dfenbereiche. Mit dem Gutschein kommen Sie der perfekten Beleuchtung f\u00fcr Ihr Zuhause oder B\u00fcro ein gutes St\u00fcck n\u00e4her \u2013 f\u00fcr mehr Atmosph\u00e4re, Komfort und Lebensqualit\u00e4t.\n  <\/p>\n<p class=\"mb-6 text-xs md:text-m lg:text-l font-serif group-[.font-sans]:font-sans \">\n    <strong class=\"font-bold\">Das sind die Gewinner hinter T\u00fcrchen 21:<\/strong>\n  <\/p>\n<p class=\"mb-6 text-xs md:text-m lg:text-l font-serif group-[.font-sans]:font-sans \">\n    Wir und der Lions-Club Karlsruhe-Zirkel sagen herzlichen Gl\u00fcckwunsch!\n  <\/p>\n<p>            Gewonnen! Wie geht\u2018s weiter?<\/p>\n<p class=\"mb-6 text-xs md:text-m lg:text-l font-serif group-[.font-sans]:font-sans \">\n    Die pers\u00f6nliche Gl\u00fccksnummer wurde gezogen &#8211; wie geht es jetzt weiter? Die gewonnenen Preise k\u00f6nnen nur gegen Vorlage des Original-Kalenders bei den auf der R\u00fcckseite der Kalender angegebenen Abholstellen geholt oder eingel\u00f6st werden. Eine Auszahlung in bar oder ein Umtausch ist nicht m\u00f6glich. <strong class=\"font-bold\">Bis zum 1. M\u00e4rz 2026 nicht abgeholte oder eingel\u00f6ste Preise verfallen.<\/strong>\n  <\/p>\n<p>            Nicht gewonnen? Gutes Gewissen bleibt!<\/p>\n<p class=\"mb-6 text-xs md:text-m lg:text-l font-serif group-[.font-sans]:font-sans \">\n    Auch wenn die jeweilige Nummer nicht zum Zug kommt, das gute Gewissen bleibt: Allj\u00e4hrlich wird mit dem Kalender f\u00fcr soziale Projekte in der Region gesammelt. <a href=\"https:\/\/www.ka-news.de\/karlsruhe\/ka-news-oeffnet-den-karlsruher-adventskalender-von-lions-club-2025-112596746\" target=\"_self\" class=\"underline \" rel=\"noopener\">Der diesj\u00e4hrige Reinerl\u00f6s &#8211; voraussichtlich rund 24.000 Euro &#8211; wird in dieser 19. Auflage der Aktion wieder f\u00fcr kulturelle und soziale Projekte f\u00fcr Kinder und Jugendliche in Karlsruhe verwendet<\/a>. Jeder Kalender hat die Chance, einen der zahlreichen Preise im Gesamtwert von rund 12.500 Euro zu gewinnen.\n  <\/p>\n<p>    <img decoding=\"async\" src=\"https:\/\/images.mgpd.de\/img\/112596815\/crop\/c9_16-w100\/1509929629\/1888872134\/adventskalender.png\" alt=\"Karlsruher Adventskalender 2025 vom Lions-Club Karlsruhe-Zirkel.\" title=\"Karlsruher Adventskalender 2025 vom Lions-Club Karlsruhe-Zirkel.\" class=\"h-full w-full object-cover\"\/><\/p>\n<p>      Icon vergr\u00f6\u00dfern<\/p>\n<p>    Karlsruher Adventskalender 2025 vom Lions-Club Karlsruhe-Zirkel.<br \/>\n    Foto: ps\/Lions-Club Karlsruhe-Zirkel<\/p>\n<p>        Schlie\u00dfen <\/p>\n<p>      Icon Schlie\u00dfen<\/p>\n<p>        Icon vergr\u00f6\u00dfern<\/p>\n<p>        Icon verkleinern<\/p>\n<p>      Icon Pfeil bewegen<\/p>\n<p>    Karlsruher Adventskalender 2025 vom Lions-Club Karlsruhe-Zirkel.<br \/>\n    Foto: ps\/Lions-Club Karlsruhe-Zirkel<\/p>\n<p class=\"mb-6 text-xs md:text-m lg:text-l font-serif group-[.font-sans]:font-sans \">\n    In den vergangenen 19 Jahren konnte durch den Verkauf des Lions-Adventskalenders \u00fcber 330.000 Euro generiert werden. Das Geld flie\u00dft zum Gro\u00dfteil in das langj\u00e4hrige Projekt \u201cArtist in School\u201d, das unter anderem in der Werner-von-Siemens-Schule seit vielen Jahren erfolgreich durchgef\u00fchrt wird.\n  <\/p>\n<p>            Bisherige Gewinner:<\/p>\n<p class=\"mb-6 text-xs md:text-m lg:text-l font-serif group-[.font-sans]:font-sans \">\n    ka-news.de ist Kooperationspartner f\u00fcr den Karlsruher Adventskalender des Lions-Club Karlsruhe Zirkel: <strong class=\"font-bold\">Ab dem 1. Dezember gibt ka-news.de t\u00e4glich die jeweiligen Gewinner-Zahlen bekannt. <\/strong>Alle Angaben sind ohne Gew\u00e4hr.\n  <\/p>\n<ul data-module-id=\"DragDropModule\" class=\"flex flex-wrap justify-start group-[.no-bookmarks]:hidden\">\n<li class=\"mb-3 mr-3\">\n    Corina Bohner<\/p>\n<p>      Icon Haken im Kreis gesetzt<\/p>\n<p>      Icon Plus im Kreis<\/p>\n<\/li>\n<li class=\"mb-3 mr-3\">\n    T\u00fcrchen<\/p>\n<p>      Icon Haken im Kreis gesetzt<\/p>\n<p>      Icon Plus im Kreis<\/p>\n<\/li>\n<li class=\"mb-3 mr-3\">\n    Adventskalender<\/p>\n<p>      Icon Haken im Kreis gesetzt<\/p>\n<p>      Icon Plus im Kreis<\/p>\n<\/li>\n<\/ul>\n","protected":false},"excerpt":{"rendered":"Wohnzimmer zu dunkel, Schreibtisch zu grell, Esstisch ohne Wohlf\u00fchlfaktor? Hinter T\u00fcrchen Nummer 22 des Karlsruher Adventskalenders warten heute&hellip;\n","protected":false},"author":2,"featured_media":620167,"comment_status":"","ping_status":"","sticky":false,"template":"","format":"standard","meta":{"footnotes":""},"categories":[1844],"tags":[25483,1634,3364,29,154406,30,8903,59117,966,140395],"class_list":{"0":"post-661462","1":"post","2":"type-post","3":"status-publish","4":"format-standard","5":"has-post-thumbnail","7":"category-karlsruhe","8":"tag-adventskalender","9":"tag-baden-wuerttemberg","10":"tag-de","11":"tag-deutschland","12":"tag-esstisch","13":"tag-germany","14":"tag-karlsruhe","15":"tag-lions-club","16":"tag-schule","17":"tag-tuerchen"},"share_on_mastodon":{"url":"https:\/\/pubeurope.com\/@de\/115756185017219283","error":""},"_links":{"self":[{"href":"https:\/\/www.europesays.com\/de\/wp-json\/wp\/v2\/posts\/661462","targetHints":{"allow":["GET"]}}],"collection":[{"href":"https:\/\/www.europesays.com\/de\/wp-json\/wp\/v2\/posts"}],"about":[{"href":"https:\/\/www.europesays.com\/de\/wp-json\/wp\/v2\/types\/post"}],"author":[{"embeddable":true,"href":"https:\/\/www.europesays.com\/de\/wp-json\/wp\/v2\/users\/2"}],"replies":[{"embeddable":true,"href":"https:\/\/www.europesays.com\/de\/wp-json\/wp\/v2\/comments?post=661462"}],"version-history":[{"count":0,"href":"https:\/\/www.europesays.com\/de\/wp-json\/wp\/v2\/posts\/661462\/revisions"}],"wp:featuredmedia":[{"embeddable":true,"href":"https:\/\/www.europesays.com\/de\/wp-json\/wp\/v2\/media\/620167"}],"wp:attachment":[{"href":"https:\/\/www.europesays.com\/de\/wp-json\/wp\/v2\/media?parent=661462"}],"wp:term":[{"taxonomy":"category","embeddable":true,"href":"https:\/\/www.europesays.com\/de\/wp-json\/wp\/v2\/categories?post=661462"},{"taxonomy":"post_tag","embeddable":true,"href":"https:\/\/www.europesays.com\/de\/wp-json\/wp\/v2\/tags?post=661462"}],"curies":[{"name":"wp","href":"https:\/\/api.w.org\/{rel}","templated":true}]}}