{"id":661465,"date":"2025-12-21T06:40:24","date_gmt":"2025-12-21T06:40:24","guid":{"rendered":"https:\/\/www.europesays.com\/de\/661465\/"},"modified":"2025-12-21T06:40:24","modified_gmt":"2025-12-21T06:40:24","slug":"preussen-muenster-vs-sv-elversberg-heute-live-sehen-wer-zeigt-uebertraegt-die-2-bundesliga-am-sonntag-im-tv-und-livestream","status":"publish","type":"post","link":"https:\/\/www.europesays.com\/de\/661465\/","title":{"rendered":"Preu\u00dfen M\u00fcnster vs. SV Elversberg heute live sehen: Wer zeigt \/ \u00fcbertr\u00e4gt die 2. Bundesliga am Sonntag im TV und Livestream?"},"content":{"rendered":"<p>In der 2. Bundesliga spielt Preu\u00dfen M\u00fcnster am Sonntag gegen Elversberg. Doch wo l\u00e4uft die Partie? SPOX verr\u00e4t es Euch.<\/p>\n<p>Der 17. Spieltag der 2. Bundesliga steht an, danach geht es f\u00fcr die Teams des Bundesliga-Unterhauses in die wohlverdiente Winterpause. Vor den freien Tagen m\u00fcssen die Mannschaften allerdings nochmal ran &#8211; das gilt auch f\u00fcr Preu\u00dfen M\u00fcnster und die SV Elversberg. Anpfiff des Duells ist am Sonntag um 13.30 Uhr im Preu\u00dfenstadion in M\u00fcnster.<\/p>\n<p><strong>SPOX<\/strong>verr\u00e4t Euch in diesem Artikel, wie Ihr die Partie heute live im TV und Livestream sehen k\u00f6nnt.<\/p>\n<p>Wer zeigt \/ \u00fcbertr\u00e4gt Preu\u00dfen M\u00fcnster vs. Elversberg heute live im Free-TV und Livestream?<\/p>\n<p>Wie gewohnt l\u00e4uft die 2. Bundesliga live und exklusiv bei Sky &#8211; so auch das Duell zwischen den Preu\u00dfen und der SVE. Der Pay-TV-Anbieter zeigt die Begegnung sowohl als Einzelspiel als auch in der Konferenz im linearen TV und Livestream bei SkyGo und WOW. Grundvoraussetzung f\u00fcr die Nutzung ist ein kostenpflichtiges Abonnement.<\/p>\n<p>Themen der Woche: Was war bei Preu\u00dfen M\u00fcnster los?<\/p>\n<p>Die aktuelle Saison h\u00e4tte f\u00fcr die Preu\u00dfen schlechter Laufen k\u00f6nnen. Nach der Hinrunde steht das Team von Coach Alexander Ende unerwartet im gesicherten Mittelfeld und damit \u00fcber den eigenen Erwartungen. Allerdings musste die Mannschaft am vergangenen Wochenende ein 0:1-Niederlage in Darmstadt hinnehmen. Am Sonntag soll es wieder besser laufen.<\/p>\n<p>Themen der Woche: Was war bei Elversberg los?\u00a0<\/p>\n<p>Der Gegner ist jedoch keine Laufkundschaft. Zu Gast ist der Zweitplatzierte aus Elversberg. Aus den letzten f\u00fcnf Begegnungen konnte die Mannschaft aus dem Saarland ganze zehn Punkte sammeln. Lediglich Spitzenreiter Schalke war eine Nummer zu gro\u00df. Auch die Elv steht wieder einmal h\u00f6her, als es die eigenen Erwartungen vor der Spielzeit hergaben. F\u00fcr die R\u00fcckrunde d\u00fcrfte der Aufstieg das Ziel sein.<\/p>\n<p>Preu\u00dfen M\u00fcnster vs. Elversberg: Ansto\u00dfzeitPreu\u00dfen M\u00fcnster vs. Elversberg: Aufstellungen<img class=\"fco-image__image fco-image__image--cover\" alt=\"PRM crest\" loading=\"lazy\" decoding=\"auto\" fetchpriority=\"auto\" src=\"https:\/\/www.europesays.com\/de\/wp-content\/uploads\/2025\/12\/1766299221_139_JXVXUgAUya6YejzQQY5sW.png\"\/><\/p>\n<p>PRM<\/p>\n<p>PRM<\/p>\n<p><img class=\"fco-image__image fco-image__image--cover\" alt=\"ELV crest\" loading=\"lazy\" decoding=\"auto\" fetchpriority=\"auto\" src=\"https:\/\/www.europesays.com\/de\/wp-content\/uploads\/2025\/12\/EdWwVJxBUdcHZp4_BPGNu.png\"\/><\/p>\n<p>ELV<\/p>\n<p>ELV<\/p>\n<p><img class=\"fco-image__image fco-image__image--cover\" alt=\"PRM crest\" loading=\"lazy\" decoding=\"auto\" fetchpriority=\"auto\" src=\"https:\/\/www.europesays.com\/de\/wp-content\/uploads\/2025\/12\/1766299221_139_JXVXUgAUya6YejzQQY5sW.png\"\/><\/p>\n<p>PRM<\/p>\n<p>PRM<\/p>\n<p><img class=\"fco-image__image fco-image__image--cover\" alt=\"ELV crest\" loading=\"lazy\" decoding=\"auto\" fetchpriority=\"auto\" src=\"https:\/\/www.europesays.com\/de\/wp-content\/uploads\/2025\/12\/EdWwVJxBUdcHZp4_BPGNu.png\"\/><\/p>\n<p>ELV<\/p>\n<p>ELV<\/p>\n<p><img class=\"fco-image__image fco-image__image--cover\" alt=\"PRM crest\" loading=\"lazy\" decoding=\"auto\" fetchpriority=\"auto\" src=\"https:\/\/www.europesays.com\/de\/wp-content\/uploads\/2025\/12\/1766299221_139_JXVXUgAUya6YejzQQY5sW.png\"\/><\/p>\n<p>PRM<\/p>\n<p>PRM<\/p>\n<p><img class=\"fco-image__image fco-image__image--cover\" alt=\"ELV crest\" loading=\"lazy\" decoding=\"auto\" fetchpriority=\"auto\" src=\"https:\/\/www.europesays.com\/de\/wp-content\/uploads\/2025\/12\/EdWwVJxBUdcHZp4_BPGNu.png\"\/><\/p>\n<p>ELV<\/p>\n<p>ELV<\/p>\n<p>Preu\u00dfen M\u00fcnster vs. Elversberg: Form<img class=\"fco-image__image fco-image__image--cover\" alt=\"PRM crest\" loading=\"lazy\" decoding=\"auto\" fetchpriority=\"auto\" src=\"https:\/\/www.europesays.com\/de\/wp-content\/uploads\/2025\/12\/1766299221_139_JXVXUgAUya6YejzQQY5sW.png\"\/><\/p>\n<p>PRM<\/p>\n<p>PRM<\/p>\n<p><img class=\"fco-image__image fco-image__image--cover\" alt=\"ELV crest\" loading=\"lazy\" decoding=\"auto\" fetchpriority=\"auto\" src=\"https:\/\/www.europesays.com\/de\/wp-content\/uploads\/2025\/12\/EdWwVJxBUdcHZp4_BPGNu.png\"\/><\/p>\n<p>ELV<\/p>\n<p>ELV<\/p>\n<p>Tor erzielt (kassiert)4\/5<\/p>\n<p>Spiele \u00fcber 2.5 Tore2\/5<\/p>\n<p>Beide Teams haben getroffen2\/5<\/p>\n<p>Tor erzielt (kassiert)6\/4<\/p>\n<p>Spiele \u00fcber 2.5 Tore2\/5<\/p>\n<p>Beide Teams haben getroffen2\/5<\/p>\n<p>Preu\u00dfen M\u00fcnster vs. Elversberg: Bilanz direkte DuellePreu\u00dfen M\u00fcnster vs. Elversberg: Die TabellenDeutschland 2 Bundesliga Tabelle<img class=\"fco-image__image fco-image__image--cover\" alt=\"\" loading=\"lazy\" decoding=\"auto\" fetchpriority=\"auto\" height=\"22\" src=\"https:\/\/www.europesays.com\/de\/wp-content\/uploads\/2025\/12\/1766299224_209_36min0qztu8eydwvpv8t1is0m.png\"\/><\/p>\n<p>Aufstieg<\/p>\n<p>Play-offs Aufstieg<\/p>\n<p>Play-offs Abstieg<\/p>\n<p>Abstieg<\/p>\n<p>Mit VPN \u00fcberall auf der Welt streamenFalls Ihr Euch im Ausland befindet, k\u00f6nnt Ihr ein VPN verwenden, um Spiele \u00fcber die \u00fcblichen Anbieter zu schauen. \u00dcber NordVPN k\u00f6nnt ihr aus dem Ausland eine sichere Online-Verbindung herstellen. NordVPN geh\u00f6rt weltweit zu den beliebtesten und renommiertesten VPN-Anbietern.N\u00fctzliche Links<\/p>\n","protected":false},"excerpt":{"rendered":"In der 2. Bundesliga spielt Preu\u00dfen M\u00fcnster am Sonntag gegen Elversberg. Doch wo l\u00e4uft die Partie? SPOX verr\u00e4t&hellip;\n","protected":false},"author":2,"featured_media":661466,"comment_status":"","ping_status":"","sticky":false,"template":"","format":"standard","meta":{"footnotes":""},"categories":[1843],"tags":[621,3364,29,8468,21106,347,30,8970,1209,154407,7650,4604],"class_list":{"0":"post-661465","1":"post","2":"type-post","3":"status-publish","4":"format-standard","5":"has-post-thumbnail","7":"category-muenster","8":"tag-2-bundesliga","9":"tag-de","10":"tag-deutschland","11":"tag-deutschland-2-bundesliga","12":"tag-elversberg","13":"tag-fussball","14":"tag-germany","15":"tag-muenster","16":"tag-nordrhein-westfalen","17":"tag-preussen-muenster-vs-elversberg","18":"tag-preussen-muenster","19":"tag-soccer"},"share_on_mastodon":{"url":"https:\/\/pubeurope.com\/@de\/115756193467986260","error":""},"_links":{"self":[{"href":"https:\/\/www.europesays.com\/de\/wp-json\/wp\/v2\/posts\/661465","targetHints":{"allow":["GET"]}}],"collection":[{"href":"https:\/\/www.europesays.com\/de\/wp-json\/wp\/v2\/posts"}],"about":[{"href":"https:\/\/www.europesays.com\/de\/wp-json\/wp\/v2\/types\/post"}],"author":[{"embeddable":true,"href":"https:\/\/www.europesays.com\/de\/wp-json\/wp\/v2\/users\/2"}],"replies":[{"embeddable":true,"href":"https:\/\/www.europesays.com\/de\/wp-json\/wp\/v2\/comments?post=661465"}],"version-history":[{"count":0,"href":"https:\/\/www.europesays.com\/de\/wp-json\/wp\/v2\/posts\/661465\/revisions"}],"wp:featuredmedia":[{"embeddable":true,"href":"https:\/\/www.europesays.com\/de\/wp-json\/wp\/v2\/media\/661466"}],"wp:attachment":[{"href":"https:\/\/www.europesays.com\/de\/wp-json\/wp\/v2\/media?parent=661465"}],"wp:term":[{"taxonomy":"category","embeddable":true,"href":"https:\/\/www.europesays.com\/de\/wp-json\/wp\/v2\/categories?post=661465"},{"taxonomy":"post_tag","embeddable":true,"href":"https:\/\/www.europesays.com\/de\/wp-json\/wp\/v2\/tags?post=661465"}],"curies":[{"name":"wp","href":"https:\/\/api.w.org\/{rel}","templated":true}]}}