{"id":661478,"date":"2025-12-21T06:47:14","date_gmt":"2025-12-21T06:47:14","guid":{"rendered":"https:\/\/www.europesays.com\/de\/661478\/"},"modified":"2025-12-21T06:47:14","modified_gmt":"2025-12-21T06:47:14","slug":"ukraine-news-putin-zu-gespraechen-mit-macron-bereit-2","status":"publish","type":"post","link":"https:\/\/www.europesays.com\/de\/661478\/","title":{"rendered":"Ukraine-News: Putin zu Gespr\u00e4chen mit Macron bereit"},"content":{"rendered":"<p class=\"text\">\nDer russische Pr\u00e4sident Wladimir Putin ist zu Gespr\u00e4chen mit \u200bdem franz\u00f6sischen Pr\u00e4sidenten Emmanuel Macron bereit. Voraussetzung sei jedoch ein gegenseitiger \u200dpolitischer Wille, meldet die Nachrichtenagentur RIA unter Berufung auf Kreml-Sprecher Dmitri Peskow. &#8222;Wenn es einen gegenseitigen politischen Willen gibt, dann kann das nur positiv gesehen werden&#8220;, zitierte die Agentur den Sprecher.  Macron hatte am Freitag gesagt, es liege &#8222;in unserem Interesse als Europ\u00e4er und Ukrainer&#8220;, die Gespr\u00e4che mit Putin \u00fcber ein Ende des Kriegs wieder aufzunehmen. (Quelle: Reuters, AFP, RIA)\n<\/p>\n<p class=\"text\">\nDie Gespr\u00e4che zwischen Russland und den USA verlaufen nach Angaben des \u200brussischen Pr\u00e4sidenten-Gesandten Kirill Dmitrijew konstruktiv. Die Verhandlungen w\u00fcrden am Sonntag in Miami fortgesetzt, sagte Dmitrijew. Dmitrijew hatte am Samstag in Miami Gespr\u00e4che \u00fcber ein m\u00f6gliches Ende des Ukraine-Krieges mit dem US-Gesandten Steve Witkoff und dem Schwiegersohn von US-Pr\u00e4sident Donald \u200bTrump, Jared Kushner, begonnen.<\/p>\n","protected":false},"excerpt":{"rendered":"Der russische Pr\u00e4sident Wladimir Putin ist zu Gespr\u00e4chen mit \u200bdem franz\u00f6sischen Pr\u00e4sidenten Emmanuel Macron bereit. Voraussetzung sei jedoch&hellip;\n","protected":false},"author":2,"featured_media":661197,"comment_status":"","ping_status":"","sticky":false,"template":"","format":"standard","meta":{"footnotes":""},"categories":[4013],"tags":[331,332,11173,13,4046,7301,81,14,15,111,4043,4044,850,307,859,860,12,861,317,154366,103],"class_list":{"0":"post-661478","1":"post","2":"type-post","3":"status-publish","4":"format-standard","5":"has-post-thumbnail","7":"category-russland","8":"tag-aktuelle-nachrichten","9":"tag-aktuelle-news","10":"tag-gespraeche","11":"tag-headlines","12":"tag-krieg","13":"tag-macron","14":"tag-mdr","15":"tag-nachrichten","16":"tag-news","17":"tag-putin","18":"tag-russia","19":"tag-russian-federation","20":"tag-russische-foederation","21":"tag-russland","22":"tag-sachsen","23":"tag-sachsen-anhalt","24":"tag-schlagzeilen","25":"tag-thueringen","26":"tag-ukraine","27":"tag-verhanldungen","28":"tag-welt"},"share_on_mastodon":{"url":"https:\/\/pubeurope.com\/@de\/115756220037650768","error":""},"_links":{"self":[{"href":"https:\/\/www.europesays.com\/de\/wp-json\/wp\/v2\/posts\/661478","targetHints":{"allow":["GET"]}}],"collection":[{"href":"https:\/\/www.europesays.com\/de\/wp-json\/wp\/v2\/posts"}],"about":[{"href":"https:\/\/www.europesays.com\/de\/wp-json\/wp\/v2\/types\/post"}],"author":[{"embeddable":true,"href":"https:\/\/www.europesays.com\/de\/wp-json\/wp\/v2\/users\/2"}],"replies":[{"embeddable":true,"href":"https:\/\/www.europesays.com\/de\/wp-json\/wp\/v2\/comments?post=661478"}],"version-history":[{"count":0,"href":"https:\/\/www.europesays.com\/de\/wp-json\/wp\/v2\/posts\/661478\/revisions"}],"wp:featuredmedia":[{"embeddable":true,"href":"https:\/\/www.europesays.com\/de\/wp-json\/wp\/v2\/media\/661197"}],"wp:attachment":[{"href":"https:\/\/www.europesays.com\/de\/wp-json\/wp\/v2\/media?parent=661478"}],"wp:term":[{"taxonomy":"category","embeddable":true,"href":"https:\/\/www.europesays.com\/de\/wp-json\/wp\/v2\/categories?post=661478"},{"taxonomy":"post_tag","embeddable":true,"href":"https:\/\/www.europesays.com\/de\/wp-json\/wp\/v2\/tags?post=661478"}],"curies":[{"name":"wp","href":"https:\/\/api.w.org\/{rel}","templated":true}]}}