{"id":661511,"date":"2025-12-21T07:09:12","date_gmt":"2025-12-21T07:09:12","guid":{"rendered":"https:\/\/www.europesays.com\/de\/661511\/"},"modified":"2025-12-21T07:09:12","modified_gmt":"2025-12-21T07:09:12","slug":"wieso-bremens-stromnetz-bald-maechtig-wachsen-wird","status":"publish","type":"post","link":"https:\/\/www.europesays.com\/de\/661511\/","title":{"rendered":"Wieso Bremens Stromnetz bald m\u00e4chtig wachsen wird"},"content":{"rendered":"<p class=\"article-toplinewrapper\">\nFragen &amp; Antworten<\/p>\n<p>Standdatum: 21. Dezember 2025.<\/p>\n<p>Autorinnen und Autoren:<br \/>\nAlexander Schnackenburg<\/p>\n<p><img decoding=\"async\" class=\"image -image-with-fallback -image-rounded  lazyload\" src=\"data:image\/gif;base64,R0lGODlhEAAJAIAAAP\/\/\/\/\/\/\/yH5BAEKAAEALAAAAAAQAAkAAAIKjI+py+0Po5yUFQA7\"   alt=\"Leitungen einer Umspannanlage sind zu sehen.\" data-image-owner=\"Imago | Harry Koerber\" data-image-title=\"Leitungen einer Umspannanlage sind zu sehen.\" data-image-src=\"https:\/\/www.butenunbinnen.de\/bilder\/umspannwerk-102~_v-800x450_c-1766060563368.jpg\" data-image-rights-src=\"\/bilder\/umspannwerk-102~_v-640x360_c-1766060563368.jpg\"\/><\/p>\n<p>\u00dcber Umspannwerke kommt der Strom in unsere Haushalte.<\/p>\n<p>Bild: Imago | Harry Koerber<\/p>\n<p class=\"article-intro\"><strong>Der Strombedarf steigt \u2013 und Bremen stellt die Energieversorgung neu auf. Das Ziel: Mehr Strom bei geringerer Umweltbelastung. Zwei Umspannwerke spielen dabei eine Schl\u00fcsselrolle.<\/strong><\/p>\n<p>&#8222;Werderland&#8220;: So nennt der Energieversorger SWB den &#8222;Energieknoten&#8220;, der in den kommenden Jahren im Industriehafen entstehen soll, direkt neben dem Stahlwerk. Im Kern handelt es sich dabei um ein gewaltiges Umspannwerk, mit dessen Hilfe die SWB und der \u00dcbertragungsnetzbetreiber Tennet Germany die Energieversorgung Bremens neu regeln wollen. Im Zuge dessen plant die SWB f\u00fcr die kommenden zehn Jahre Investitionen von mehr als einer Milliarde Euro ins Bremer Stromnetz.<\/p>\n<p><a href=\"https:\/\/www.butenunbinnen.de\/bilder\/umspannwerk-werderland-100~_v-512x288_c-1766060873033.jpg\" data-gallery-entry-for=\"energieknoten-werderland-strom-bremen-100\" data-size=\"2560x1440\" class=\"text-link\" rel=\"nofollow noopener\" target=\"_blank\"><\/p>\n<p><img decoding=\"async\" class=\"image -image-with-fallback -image-rounded  lazyload\" src=\"data:image\/gif;base64,R0lGODlhEAAJAIAAAP\/\/\/\/\/\/\/yH5BAEKAAEALAAAAAAQAAkAAAIKjI+py+0Po5yUFQA7\"   alt=\"Der Energieknoten &quot;Werderland&quot; wird neben dem Gel\u00e4nde der Stahlwerke gebaut.\" title=\"Bild: WFB | Christian Ring\" data-image-owner=\"WFB | Christian Ring\" data-image-title=\"Der Energieknoten &quot;Werderland&quot; wird neben dem Gel\u00e4nde der Stahlwerke gebaut.\" data-image-src=\"https:\/\/www.butenunbinnen.de\/bilder\/umspannwerk-werderland-100~_v-512x288_c-1766060873033.jpg\" data-image-rights-src=\"\/bilder\/umspannwerk-werderland-100~_v-640x360_c-1766060873033.jpg\"\/><\/p>\n<p><\/a><\/p>\n<p>Der &#8222;Energieknoten Werderland&#8220; entsteht neben dem Gel\u00e4nde des Stahlwerks. <\/p>\n<p>Bild: WFB | Christian Ring<\/p>\n<p>Wozu braucht Bremen den &#8222;Energieknoten Werderland&#8220;?<\/p>\n<p class=\"questions-and-answers-answers\">Das neue Umspannwerk soll ab 2033 weitgehend das Umspannwerk Blockland ersetzen. Denn das sei &#8222;in die Jahre gekommen&#8220;, teilen SWB, Tennet und Wirtschaftsf\u00f6rderung Bremen (WFB) mit. Laut SWB-Sprecher Niklas Oberbach ist das Umspannwerk Blockland zwar &#8222;v\u00f6llig in Ordnung&#8220;. Gleichwohl seien darin Bauteile verbaut, die noch aus den Siebziger-Jahren stammten. Auch m\u00fcssten dort bald einige Leitungen ausgetauscht werden.<\/p>\n<p>Da Tennet aber zwischen Conneforde (Kreis Ammerland) und Sottrum ohnehin alte 220-Kilovolt-Leitungen durch moderne 380-KV-Leitungen umstelle, sei es aus Bremer Sicht sinnvoll, hierf\u00fcr ein neues Umspannwerk zu bauen, das mehr Platz biete als jenes im Blockland. Zu diesem Zweck habe man sich entschieden, den &#8222;Energieknoten Werderland&#8220; mit Tennet zusammen aufzuziehen \u2013 auch, weil der Strombedarf in Bremen weiter steige.<\/p>\n<p>Information zum Thema<br \/>\nWozu man Umspannwerke braucht<\/p>\n<p>Umspannwerke sind die Schaltstellen im Stromnetz. Sie verbinden die Hochspannungsleitungen des \u00dcbertragungsnetzes (220 bis 380 KV) mit den Verteilnetzen, die Strom in mittlerer und niedriger Spannung zu Haushalten und Betrieben bringen. Ohne diese Knotenpunkte lie\u00dfe sich weder der wachsende Strombedarf noch die Einspeisung von Wind- und Solarstrom bew\u00e4ltigen.<\/p>\n<p>Quelle: SWB<\/p>\n<p>Ende der Information zum Thema<\/p>\n<p>Weshalb steigt der Strombedarf in Bremen?<\/p>\n<p class=\"questions-and-answers-answers\">Zum einen hat das damit zu tun, dass immer mehr Bremerinnen und Bremer auf Elektromobilit\u00e4t umsteigen, sagt Oberbach. Zum anderen schalten zunehmend Verbraucher ihre Gas- und \u00d6lheizungen ab, verwenden stattdessen W\u00e4rmepumpen. Auch diese w\u00fcrden mit Strom betrieben. Schlie\u00dflich w\u00fcrden immer mehr industrielle Prozesse auf Strom als Energiequelle umgestellt. <\/p>\n<p>&#8222;Deshalb m\u00fcssen wir die Infrastruktur erneuern&#8220;, fasst Oberbach zusammen. Die SWB werde in Bremen rund 20 kleinere Umspannwerke neu bauen sowie diverse Leitungen neu verlegen. Es handele sich um ein Mammutprojekt. Deshalb plane die SWB mit Investitionen in Milliardenh\u00f6he.<\/p>\n<p>Was ist das f\u00fcr ein Grundst\u00fcck, auf dem der &#8222;Energieknoten Werderland&#8220; entstehen wird?<\/p>\n<p class=\"questions-and-answers-answers\">Es handelt sich um 43 Hektar direkt neben dem Stahlwerk. Die Fl\u00e4che geh\u00f6rte Oberbach zufolge teilweise bereits der SWB, die dort ein Kraftwerk betreibt. Der Gro\u00dfteil der Fl\u00e4che aber kommt von der Stadt Bremen. Rund 30 Hektar davon hat die Tennet Germany der WFB abgekauft, Abschnitte, die bislang brachlagen.<\/p>\n<p>Die SWB will bis 2035 klimaneutral werden. Welche Rolle spielt der &#8222;Energieknoten Werderland&#8220; f\u00fcr dieses Ziel?<\/p>\n<p class=\"questions-and-answers-answers\">Der &#8222;Energieknoten Werderland&#8220; wird zumindest eine mittelbare Rolle daf\u00fcr spielen. Bereits heute werde viel &#8222;gr\u00fcner Strom&#8220; in den K\u00fcstenregionen produziert \u2013 den Tennet durch seine neuen 380-KV-Leitungen k\u00fcnftig in noch gr\u00f6\u00dferen Mengen nach Bremen liefern werde, erl\u00e4utert Oberbach. Genauer quantifizieren aber lasse sich die Menge dieses &#8222;gr\u00fcnen Stroms&#8220; derzeit nicht. <\/p>\n<p>Bremens Wirtschaftssenatorin Kristina Vogt (Die Linke) bezeichnet den &#8222;Energieknoten Werderland&#8220; gleichwohl schon heute als &#8222;zentrale Voraussetzung f\u00fcr die industrielle Transformation&#8220;. &#8222;Damit st\u00e4rken wir die Energiewende in unserem Land&#8220;, sagt sie.<\/p>\n<p>Information zum Thema<br \/>\nDas macht Tennet Germany<\/p>\n<p>Tennet Germany ist ein gro\u00dfer \u00dcbertragungsnetzbetreiber, der Energieversorgern wie der SWB Strom aus entfernten Windenergie-Anlagen liefert. Anders gesagt: Tennet unterh\u00e4lt die gro\u00dfen, vorgelagerten Hochspannungs-Freileitungen, \u00fcber die Bremen sowie diverse andere St\u00e4dte und Gemeinden mit Strom versorgt werden. Mehr zu Tennets Pl\u00e4nen steht auf dieser <a target=\"blank\" rel=\"noopener noreferrer nofollow\" href=\"https:\/\/www.tennet.eu\/de\/projekte\/conneforde-sottrum\" class=\"text-link\">Website<\/a>.<\/p>\n<p>Ende der Information zum Thema<\/p>\n<p>Bild: Imago | Jochen Tack<\/p>\n<p class=\"article-legal-agencies\"><strong>Quelle<\/strong>:<br \/>\nbuten un binnen.\n<\/p>\n<p class=\"article-legal-broadcast-reference\"><strong>Dieses Thema im Programm:<\/strong><br \/>\nbuten un binnen, 15. Dezember 2025, 19:30 Uhr<\/p>\n","protected":false},"excerpt":{"rendered":"Fragen &amp; Antworten Standdatum: 21. Dezember 2025. Autorinnen und Autoren: Alexander Schnackenburg \u00dcber Umspannwerke kommt der Strom in&hellip;\n","protected":false},"author":2,"featured_media":661512,"comment_status":"","ping_status":"","sticky":false,"template":"","format":"standard","meta":{"footnotes":""},"categories":[1824],"tags":[79162,2420,3364,29,154416,30,11734,154417],"class_list":{"0":"post-661511","1":"post","2":"type-post","3":"status-publish","4":"format-standard","5":"has-post-thumbnail","7":"category-bremen","8":"tag-swb","9":"tag-bremen","10":"tag-de","11":"tag-deutschland","12":"tag-energieknoten","13":"tag-germany","14":"tag-stromnetz","15":"tag-werderland"},"share_on_mastodon":{"url":"https:\/\/pubeurope.com\/@de\/115756306600980018","error":""},"_links":{"self":[{"href":"https:\/\/www.europesays.com\/de\/wp-json\/wp\/v2\/posts\/661511","targetHints":{"allow":["GET"]}}],"collection":[{"href":"https:\/\/www.europesays.com\/de\/wp-json\/wp\/v2\/posts"}],"about":[{"href":"https:\/\/www.europesays.com\/de\/wp-json\/wp\/v2\/types\/post"}],"author":[{"embeddable":true,"href":"https:\/\/www.europesays.com\/de\/wp-json\/wp\/v2\/users\/2"}],"replies":[{"embeddable":true,"href":"https:\/\/www.europesays.com\/de\/wp-json\/wp\/v2\/comments?post=661511"}],"version-history":[{"count":0,"href":"https:\/\/www.europesays.com\/de\/wp-json\/wp\/v2\/posts\/661511\/revisions"}],"wp:featuredmedia":[{"embeddable":true,"href":"https:\/\/www.europesays.com\/de\/wp-json\/wp\/v2\/media\/661512"}],"wp:attachment":[{"href":"https:\/\/www.europesays.com\/de\/wp-json\/wp\/v2\/media?parent=661511"}],"wp:term":[{"taxonomy":"category","embeddable":true,"href":"https:\/\/www.europesays.com\/de\/wp-json\/wp\/v2\/categories?post=661511"},{"taxonomy":"post_tag","embeddable":true,"href":"https:\/\/www.europesays.com\/de\/wp-json\/wp\/v2\/tags?post=661511"}],"curies":[{"name":"wp","href":"https:\/\/api.w.org\/{rel}","templated":true}]}}