{"id":661520,"date":"2025-12-21T07:14:40","date_gmt":"2025-12-21T07:14:40","guid":{"rendered":"https:\/\/www.europesays.com\/de\/661520\/"},"modified":"2025-12-21T07:14:40","modified_gmt":"2025-12-21T07:14:40","slug":"zwischen-berlin-und-leipzig-ice-sonderhalt-in-bitterfeld","status":"publish","type":"post","link":"https:\/\/www.europesays.com\/de\/661520\/","title":{"rendered":"Zwischen Berlin und Leipzig: ICE-Sonderhalt in Bitterfeld"},"content":{"rendered":"<p class=\"fp-paragraph\"><strong>Bitterfeld\/MZ.<\/strong> &#8211;  In einem ICE auf der Strecke von Berlin nach  Leipzig ist es am sp\u00e4ten Donnerstagabend, 18. Dezember, zu einem Zwischenfall gekommen. Gegen 23.40 Uhr hatte die Zugbegleiterin die Bundespolizei \u00fcber einen aggressiven Fahrgast informiert. Der Mann hatte kein g\u00fcltiges Ticket und sollte den ICE bei einem Sonderhalt in Bitterfeld verlassen. <\/p>\n<p class=\"fp-paragraph\"> Auf dem Weg zum Dienstabteil beleidigte der Mann die Bahnmitarbeiterin massiv, bedrohte sie und deutete an, ein Messer sowie eine Schusswaffe bei sich zu haben. <\/p>\n<p class=\"fp-paragraph\">Einsatzkr\u00e4fte des Bundespolizeireviers Dessau fuhren mit Blaulicht und Martinshorn nach Bitterfeld.  Nach deren Ankunft teilte die ver\u00e4ngstigte Zugbegleiterin den Beamten mit, dass der Mann gefl\u00fcchtet sei und gab eine detaillierte Personenbeschreibung des Gesuchten ab. Die Bundespolizisten gingen auf die Suche und konnten den Tatverd\u00e4chtigen vor dem Bitterfelder Bahnhof ausfindig machen.<\/p>\n<p class=\"fp-paragraph\"> Bei der Durchsuchung der Person und seiner mitgef\u00fchrten Sachen konnten die Beamten keine verbotenen oder gef\u00e4hrlichen Gegenst\u00e4nde feststellen. Der 29-j\u00e4hrige Deutsche erhielt Strafanzeigen unter anderem wegen des Erschleichens von Leistungen, Beleidigung, Bedrohung und Hausfriedensbruchs.<\/p>\n","protected":false},"excerpt":{"rendered":"Bitterfeld\/MZ. &#8211; In einem ICE auf der Strecke von Berlin nach Leipzig ist es am sp\u00e4ten Donnerstagabend, 18.&hellip;\n","protected":false},"author":2,"featured_media":661521,"comment_status":"","ping_status":"","sticky":false,"template":"","format":"standard","meta":{"footnotes":""},"categories":[1832],"tags":[3364,29,30,71,859],"class_list":{"0":"post-661520","1":"post","2":"type-post","3":"status-publish","4":"format-standard","5":"has-post-thumbnail","7":"category-leipzig","8":"tag-de","9":"tag-deutschland","10":"tag-germany","11":"tag-leipzig","12":"tag-sachsen"},"share_on_mastodon":{"url":"https:\/\/pubeurope.com\/@de\/115756326581017588","error":""},"_links":{"self":[{"href":"https:\/\/www.europesays.com\/de\/wp-json\/wp\/v2\/posts\/661520","targetHints":{"allow":["GET"]}}],"collection":[{"href":"https:\/\/www.europesays.com\/de\/wp-json\/wp\/v2\/posts"}],"about":[{"href":"https:\/\/www.europesays.com\/de\/wp-json\/wp\/v2\/types\/post"}],"author":[{"embeddable":true,"href":"https:\/\/www.europesays.com\/de\/wp-json\/wp\/v2\/users\/2"}],"replies":[{"embeddable":true,"href":"https:\/\/www.europesays.com\/de\/wp-json\/wp\/v2\/comments?post=661520"}],"version-history":[{"count":0,"href":"https:\/\/www.europesays.com\/de\/wp-json\/wp\/v2\/posts\/661520\/revisions"}],"wp:featuredmedia":[{"embeddable":true,"href":"https:\/\/www.europesays.com\/de\/wp-json\/wp\/v2\/media\/661521"}],"wp:attachment":[{"href":"https:\/\/www.europesays.com\/de\/wp-json\/wp\/v2\/media?parent=661520"}],"wp:term":[{"taxonomy":"category","embeddable":true,"href":"https:\/\/www.europesays.com\/de\/wp-json\/wp\/v2\/categories?post=661520"},{"taxonomy":"post_tag","embeddable":true,"href":"https:\/\/www.europesays.com\/de\/wp-json\/wp\/v2\/tags?post=661520"}],"curies":[{"name":"wp","href":"https:\/\/api.w.org\/{rel}","templated":true}]}}