{"id":661545,"date":"2025-12-21T07:28:25","date_gmt":"2025-12-21T07:28:25","guid":{"rendered":"https:\/\/www.europesays.com\/de\/661545\/"},"modified":"2025-12-21T07:28:25","modified_gmt":"2025-12-21T07:28:25","slug":"eigentuemer-laesst-anwohner-ueber-neuen-laden-im-kiez-abstimmen","status":"publish","type":"post","link":"https:\/\/www.europesays.com\/de\/661545\/","title":{"rendered":"Eigent\u00fcmer l\u00e4sst Anwohner \u00fcber neuen Laden im Kiez abstimmen"},"content":{"rendered":"<p>Kuriose Aktion in Hamburg <\/p>\n<p>Eigent\u00fcmer l\u00e4sst Anwohner \u00fcber neues Gesch\u00e4ft entscheiden<\/p>\n<p>21.12.2025 &#8211; 07:12 UhrLesedauer: 1 Min.<\/p>\n<p><a href=\"#focus-0\" class=\"transition-colors duration-200 block text-current relative\" data-sctrack=\"FocusGalleryImage.Reference\"><img fetchpriority=\"high\" data-testid=\"Opener.Image\" style=\"--lqipURL:url('https:\/\/images.t-online.de\/2025\/12\/lsnYAxLxDMBu\/0x395:1081x608\/fit-in\/150x0\/filters:blur(25)\/das-plakat-mit-qr-code.png')\"   loading=\"eager\" src=\"https:\/\/www.europesays.com\/de\/wp-content\/uploads\/2025\/12\/das-plakat-mit-qr-code.png\" alt=\"Das Plakat mit QR-Code: Hier sollen Anwohner eine Umfrage ausf\u00fcllen, welcher Laden zum Kiez passt.\" title=\"Das Plakat mit QR-Code: Hier sollen Anwohner eine Umfrage ausf\u00fcllen, welcher Laden zum Kiez passt.\" width=\"1081\" height=\"608\" class=\"bg-[url:var(--lqipURL)] bg-cover bg-center flex h-full w-full max-w-full\" decoding=\"async\"\/><img style=\"--width:32;--height:32\" loading=\"lazy\" src=\"https:\/\/hamburg.t-online.de\/s\/paper\/_next\/static\/media\/zoom-in.f7dae02f.svg\" alt=\"Vergr\u00f6\u00dfern des Bildes\" title=\"Vergr\u00f6\u00dfern des Bildes\" class=\"block h-[calc(var(--height)_\/_16_*_1rem)] w-[calc(var(--width)_\/_16_*_1rem)] max-w-none absolute bottom-8 right-8 rounded-4 bg-snow p-8\" decoding=\"async\"\/><\/a><\/p>\n<p>Das Plakat mit QR-Code: Hier sollen Anwohner eine Umfrage ausf\u00fcllen, welcher Laden zum Kiez passt. (Quelle: t-online\/bearbeitet mit Pixlr)<\/p>\n<p class=\"font-bold text-18 leading-17\">Mit einer ungew\u00f6hnlichen Aktion sorgt ein Hamburger Eigent\u00fcmer f\u00fcr Aufsehen. Gesucht wird ein Laden f\u00fcr den Kiez \u2013 und die Anwohner k\u00f6nnen mitbestimmen.<\/p>\n<p class=\"text-18 leading-17\">Wo einst ein Blumenladen war, klebt heute ein ungew\u00f6hnliches Plakat an einem Laden in Hamburg-Eimsb\u00fcttel. Denn \u00fcber einen QR-Code sind Anwohner der Grelckstra\u00dfe dazu aufgerufen, eine Umfrage auszuf\u00fcllen, welcher Laden in die leerstehenden R\u00e4ume ziehen sollte. Rund um das Plakat stehen Schriftz\u00fcge wie &#8222;Scan me&#8220; (&#8222;Scanne mich&#8220;) und &#8222;Stimm ab&#8220;.<\/p>\n<p class=\"text-18 leading-17\">&#8222;Wir m\u00f6chten die freie Gewerbefl\u00e4che in der Grelckstra\u00dfe neu vermieten&#8220;, hei\u00dft es im Vorfeld der Umfrage, die \u00fcber den QR-Code des Plakats erreichbar ist. Doch der neue Laden soll &#8222;einen echten Mehrwert f\u00fcr die Nachbarschaft&#8220; bieten, steht es in der Beschreibung.<\/p>\n<p class=\"text-18 leading-17\">Daher sollen die Menschen in der Umfrage zun\u00e4chst angeben, ob sie in dem Kiez wohnen, arbeiten oder zum Einkaufen beziehungsweise Spazieren hingehen. Dann sollen Teilnehmer ausw\u00e4hlen, welchen Laden sie gerne in der Nachbarschaft haben wollen. Zur Auswahl stehen unter anderem eine Kneipe, ein Blumenladen oder ein Kosmetikstudio.<\/p>\n<p class=\"text-18 leading-17\">Dann \u00f6ffnet sich die Frage, welche Produkte ein Laden verkaufen oder anbieten soll. Auch ein Freifeld l\u00e4sst sich ausf\u00fcllen. Wer das gemacht hat, kommt auf die Seite mit Kriterien des Wunschladens.<\/p>\n<p class=\"text-18 leading-17\">Dabei sollen Anwohner einsch\u00e4tzen, wie wichtig ihnen folgende Aspekte sind: Regionale Produkte, Familienfreundlichkeit, Preisniveau, lange \u00d6ffnungszeiten, Nachhaltigkeit und Aufenthaltsqualit\u00e4t. Danach wird gefragt, welche Angebote die Teilnehmer wie h\u00e4ufig pers\u00f6nlich nutzen w\u00fcrden.<\/p>\n<p class=\"text-18 leading-17\">Wer genau hinter der Aktion in der Hamburger Grelckstra\u00dfe steckt, ist nicht bekannt.<\/p>\n","protected":false},"excerpt":{"rendered":"Kuriose Aktion in Hamburg Eigent\u00fcmer l\u00e4sst Anwohner \u00fcber neues Gesch\u00e4ft entscheiden 21.12.2025 &#8211; 07:12 UhrLesedauer: 1 Min. Das&hellip;\n","protected":false},"author":2,"featured_media":661546,"comment_status":"","ping_status":"","sticky":false,"template":"","format":"standard","meta":{"footnotes":""},"categories":[1826],"tags":[29,30,692,11948,35490,7438],"class_list":{"0":"post-661545","1":"post","2":"type-post","3":"status-publish","4":"format-standard","5":"has-post-thumbnail","7":"category-hamburg","8":"tag-deutschland","9":"tag-germany","10":"tag-hamburg","11":"tag-hamburg-eimsbuettel","12":"tag-kiez","13":"tag-plakat"},"share_on_mastodon":{"url":"https:\/\/pubeurope.com\/@de\/115756382805243891","error":""},"_links":{"self":[{"href":"https:\/\/www.europesays.com\/de\/wp-json\/wp\/v2\/posts\/661545","targetHints":{"allow":["GET"]}}],"collection":[{"href":"https:\/\/www.europesays.com\/de\/wp-json\/wp\/v2\/posts"}],"about":[{"href":"https:\/\/www.europesays.com\/de\/wp-json\/wp\/v2\/types\/post"}],"author":[{"embeddable":true,"href":"https:\/\/www.europesays.com\/de\/wp-json\/wp\/v2\/users\/2"}],"replies":[{"embeddable":true,"href":"https:\/\/www.europesays.com\/de\/wp-json\/wp\/v2\/comments?post=661545"}],"version-history":[{"count":0,"href":"https:\/\/www.europesays.com\/de\/wp-json\/wp\/v2\/posts\/661545\/revisions"}],"wp:featuredmedia":[{"embeddable":true,"href":"https:\/\/www.europesays.com\/de\/wp-json\/wp\/v2\/media\/661546"}],"wp:attachment":[{"href":"https:\/\/www.europesays.com\/de\/wp-json\/wp\/v2\/media?parent=661545"}],"wp:term":[{"taxonomy":"category","embeddable":true,"href":"https:\/\/www.europesays.com\/de\/wp-json\/wp\/v2\/categories?post=661545"},{"taxonomy":"post_tag","embeddable":true,"href":"https:\/\/www.europesays.com\/de\/wp-json\/wp\/v2\/tags?post=661545"}],"curies":[{"name":"wp","href":"https:\/\/api.w.org\/{rel}","templated":true}]}}