{"id":661570,"date":"2025-12-21T07:44:15","date_gmt":"2025-12-21T07:44:15","guid":{"rendered":"https:\/\/www.europesays.com\/de\/661570\/"},"modified":"2025-12-21T07:44:15","modified_gmt":"2025-12-21T07:44:15","slug":"android-nutzer-klagen-ueber-fehler-update-beseitigt-endlich-nervige-probleme","status":"publish","type":"post","link":"https:\/\/www.europesays.com\/de\/661570\/","title":{"rendered":"Android-Nutzer klagen \u00fcber Fehler: Update beseitigt endlich nervige Probleme"},"content":{"rendered":"<p><a href=\"https:\/\/www.schmidtisblog.de\/\" target=\"_blank\" rel=\"sponsored nofollow noopener\" data-qa-partner-block-logo-link=\"\"><img decoding=\"async\" data-hk=\"00932120a100410010\" loading=\"lazy\" src=\"https:\/\/www.europesays.com\/de\/wp-content\/uploads\/2025\/12\/1766303055_245_0220c4e8-58d2-429a-8cba-58cba4f399df.77cd4348-a34a-4dc3-854e-eca2957f5403.png\" alt=\"schmidtisblog.de\" width=\"40\" height=\"40\"\/><\/a>21.12.202508:08<\/p>\n<p>Von: schmidtisblog.de<\/p>\n<p>Erschien in Kooperation mit schmidtisblog.de<\/p>\n<p>Abst\u00fcrze, Gr\u00fcnstich und fehlerhafte Dynamic Photos: Xiaomi-Nutzer k\u00e4mpfen mit massiven Problemen bei der Kamera. Schuld ist ein fehlerhaftes HyperOS-Update.<\/p>\n<p>In den letzten Wochen meldeten zahlreiche Nutzer gravierende Probleme mit der Kamera auf HyperOS-Ger\u00e4ten. Betroffen sind vor allem das Redmi K90 Pro Max, das Xiaomi Civi 5 Pro sowie das <a href=\"https:\/\/www.chip.de\/news\/handy\/xiaomi-17-reihe-vorgestellt-mit-extradisplays-top-leistung-und-pro-kameras-an-die-spitze_b8801d4c-8069-4ffd-ab26-7c398a74b6fe.html\" rel=\"follow noopener\" target=\"_self\">Xiaomi 17<\/a>. Die Fehler reichen von Abst\u00fcrzen der Kamera-App \u00fcber falsch ausgerichtete Dynamic Photos bis hin zu Bildern mit starkem Gr\u00fcnstich. Xiaomi best\u00e4tigte inzwischen, dass es sich um Software-Bugs handelt und k\u00fcndigte Korrekturen in den n\u00e4chsten Aktualisierungen an.<\/p>\n<p>Beim Redmi K90 Pro Max tritt der Fehler im Pro-Modus auf. Bestimmte Voreinstellungen wie Nachtaufnahmen oder Langzeitbelichtung f\u00fchren dazu, dass die Kamera-App sofort beendet wird. In fr\u00fcheren Versionen funktionierte dieser Modus problemlos, erst das Beta-Update 3.0.18.0 brachte den Absturz. Nutzer k\u00f6nnen vor\u00fcbergehend auf die stabile Version zur\u00fcckwechseln oder den Pro-Modus meiden.<\/p>\n<p>ANZEIGEZwei Xiaomi-Modelle k\u00e4mpfen mit Kamera-Problemen<\/p>\n<p>Das Xiaomi Civi 5 Pro zeigt einen anderen Fehler. Dynamic Photos werden nach dem Speichern nicht mehr korrekt dargestellt. Hochkant aufgenommene Bilder erscheinen pl\u00f6tzlich im Querformat, ohne dass sich die Ausrichtung manuell \u00e4ndern l\u00e4sst. Ursache ist ein Problem im Bildverarbeitungsmodul, das die Metadaten falsch speichert. Wer betroffen ist, kann Dynamic Photos deaktivieren, bis ein Update verf\u00fcgbar ist.<\/p>\n<p>Meistgelesene Artikel der Woche<\/p>\n<p>Beim Xiaomi 17 berichten Anwender von Fotos, die komplett in einem gr\u00fcnen Farbton erscheinen. Der Fehler tritt nur unter bestimmten Lichtbedingungen auf und betrifft ausschlie\u00dflich Standbilder. Videos sind nicht betroffen. Vermutet wird ein fehlerhafter Wei\u00dfabgleich oder ein Konflikt mit dem neuen Kamerasensor. Als \u00dcbergangsl\u00f6sung k\u00f6nnen Nutzer den Wei\u00dfabgleich manuell einstellen oder alternative Kamera-Apps ausprobieren.<\/p>\n<p>ANZEIGE<\/p>\n<p>Updates sollen bald Abhilfe schaffen<\/p>\n<p>Xiaomi erkl\u00e4rte offiziell, dass die Fehler mit den n\u00e4chsten HyperOS-Updates behoben werden. F\u00fcr das Redmi K90 Pro Max wird ein Fix im Dezember 2025 erwartet, f\u00fcr das Xiaomi 17 ebenfalls im Dezember, w\u00e4hrend das Civi 5 Pro im Januar 2026 ein Update erhalten soll. Die Probleme gelten als typische Kinderkrankheiten neuer Betriebssystemversionen, insbesondere in Beta-Phasen. Fr\u00fchere Versionen wie HyperOS 2.0 liefen stabil, w\u00e4hrend <a href=\"https:\/\/www.chip.de\/news\/handy\/xiaomi-veroeffentlicht-hyperos-3-weltweit-die-ersten-modelle-sind-eine-ueberraschung_cfdbe45d-5ce3-4f9c-91b1-3674ea355f5b.html\" rel=\"follow noopener\" target=\"_self\">HyperOS 3.0<\/a> noch unausgereift wirkt. Mit HyperOS 3.1 soll die Kamera wieder zuverl\u00e4ssig arbeiten.<\/p>\n<p>Bis dahin k\u00f6nnen Nutzer drei Sofortma\u00dfnahmen ergreifen: auf eine stabile HyperOS-Version zur\u00fcckgehen, Drittanbieter-Apps wie Google Camera nutzen oder manuelle Einstellungen vornehmen. Wichtig ist, dass es sich nicht um Hardwaredefekte handelt, sondern um reine Softwareprobleme, die bald behoben werden.<\/p>\n","protected":false},"excerpt":{"rendered":"21.12.202508:08 Von: schmidtisblog.de Erschien in Kooperation mit schmidtisblog.de Abst\u00fcrze, Gr\u00fcnstich und fehlerhafte Dynamic Photos: Xiaomi-Nutzer k\u00e4mpfen mit massiven&hellip;\n","protected":false},"author":2,"featured_media":661571,"comment_status":"","ping_status":"","sticky":false,"template":"","format":"standard","meta":{"footnotes":""},"categories":[135],"tags":[29,30,190,189,194,191,193,192],"class_list":{"0":"post-661570","1":"post","2":"type-post","3":"status-publish","4":"format-standard","5":"has-post-thumbnail","7":"category-wissenschaft-technik","8":"tag-deutschland","9":"tag-germany","10":"tag-science","11":"tag-science-technology","12":"tag-technik","13":"tag-technology","14":"tag-wissenschaft","15":"tag-wissenschaft-technik"},"share_on_mastodon":{"url":"https:\/\/pubeurope.com\/@de\/115756445084528419","error":""},"_links":{"self":[{"href":"https:\/\/www.europesays.com\/de\/wp-json\/wp\/v2\/posts\/661570","targetHints":{"allow":["GET"]}}],"collection":[{"href":"https:\/\/www.europesays.com\/de\/wp-json\/wp\/v2\/posts"}],"about":[{"href":"https:\/\/www.europesays.com\/de\/wp-json\/wp\/v2\/types\/post"}],"author":[{"embeddable":true,"href":"https:\/\/www.europesays.com\/de\/wp-json\/wp\/v2\/users\/2"}],"replies":[{"embeddable":true,"href":"https:\/\/www.europesays.com\/de\/wp-json\/wp\/v2\/comments?post=661570"}],"version-history":[{"count":0,"href":"https:\/\/www.europesays.com\/de\/wp-json\/wp\/v2\/posts\/661570\/revisions"}],"wp:featuredmedia":[{"embeddable":true,"href":"https:\/\/www.europesays.com\/de\/wp-json\/wp\/v2\/media\/661571"}],"wp:attachment":[{"href":"https:\/\/www.europesays.com\/de\/wp-json\/wp\/v2\/media?parent=661570"}],"wp:term":[{"taxonomy":"category","embeddable":true,"href":"https:\/\/www.europesays.com\/de\/wp-json\/wp\/v2\/categories?post=661570"},{"taxonomy":"post_tag","embeddable":true,"href":"https:\/\/www.europesays.com\/de\/wp-json\/wp\/v2\/tags?post=661570"}],"curies":[{"name":"wp","href":"https:\/\/api.w.org\/{rel}","templated":true}]}}