{"id":661589,"date":"2025-12-21T07:54:13","date_gmt":"2025-12-21T07:54:13","guid":{"rendered":"https:\/\/www.europesays.com\/de\/661589\/"},"modified":"2025-12-21T07:54:13","modified_gmt":"2025-12-21T07:54:13","slug":"borussia-moenchengladbach-giovanni-reyna-mit-fan-versprechen-sport","status":"publish","type":"post","link":"https:\/\/www.europesays.com\/de\/661589\/","title":{"rendered":"Borussia M\u00f6nchengladbach: Giovanni Reyna mit Fan-Versprechen | Sport"},"content":{"rendered":"<p><b>Die Bilanz von Giovanni Reyna (23) in Gladbach ist ausbauf\u00e4hig: Der US-Nationalspieler, der Ende August aus Dortmund an den Niederrhein gewechselt war, stand bei seinen bisher zw\u00f6lf Pflichtspieleins\u00e4tzen nur f\u00fcnfmal in der Startelf \u2013 und von diesen f\u00fcnf Partien gingen dann auch prompt vier verloren&#8230;<\/b><\/p>\n<p>Auch Freitag das letzte Bundesligaspiel dieses Jahres bei Reynas Ex-Klub in Dortmund (0:2). Und auch da zeigte der US-Nationalspieler zwar ein paar gute Ans\u00e4tze \u2013 die erhoffte Verst\u00e4rkung f\u00fcr die Kreativ-Zentrale ist er bisher aber nicht.<\/p>\n<p>Das soll sich im neuen Jahr \u00e4ndern: Reynas Versprechen an die Gladbach-Fans!<\/p>\n<p>Bevor sich die Fohlen-Profis in den kurzen Weihnachtsurlaub verabschiedeten, sprach Reyna \u00fcber seine bisherige Zeit bei Borussia \u2013 und seine Ziele f\u00fcr 2026. Neben der Bundesliga steht dann f\u00fcr ihn auch die Heim-WM in den USA, Kanada und Mexiko auf dem Programm.<\/p>\n<p>Mehr zum Thema<\/p>\n<p>Reyna: \u201eIch kam sp\u00e4t im Transferfenster nach Gladbach, war danach sofort f\u00fcr einen Monat verletzt. Der Verein hat mir geholfen, langsam wieder richtig fit zu werden. Mit jedem Einsatz l\u00e4uft es besser. Ich bin \u00fcberzeugt, dass es in der zweiten Saisonh\u00e4lfte f\u00fcr mich noch besser l\u00e4uft \u2013 und auch f\u00fcr unser Team.\u201c<\/p>\n<p>Der US-Boy weiter: \u201eIch muss jetzt einfach mal fit bleiben, die Mannschaft, die Spieler um mich herum und das System noch mehr kennenlernen. Ich werde im Januar startklar sein \u2013 ich bin auf einem guten Weg.\u201c<\/p>\n<p>Beim BVB bildete er erstmals in der <a href=\"https:\/\/www.bild.de\/sport\/fussball\/bundesliga\/bundesliga-startseite-52368768.bild.html\" class=\"text-link\" rel=\"nofollow noopener\" target=\"_blank\">Bundesliga <\/a>mit Florian Neuhaus (28) die \u201eDoppel-10\u201c \u2013 das k\u00f6nnte nach seinen Vorstellungen auch im neuen Jahr in <a href=\"https:\/\/www.bild.de\/sport\/fussball\/borussia-moenchengladbach\/startseite-borussia-moenchengladbach-31074418.bild.html\" class=\"text-link\" rel=\"nofollow noopener\" target=\"_blank\">Gladbach<\/a> so weitergehen.<\/p>\n<p>Reyna: \u201eFlo ist ein Topspieler. Mit ihm l\u00e4sst es sich leicht spielen. Ich habe das Gef\u00fchl, dass wir viele Dinge \u00e4hnlich machen und Fu\u00dfball genauso sehen. Wir m\u00fcssen jetzt weiter zusammenarbeiten und diese Chemie aufbauen, damit wir gemeinsam Spiele gewinnen. Ich bin mir sicher, dass wir in der Zukunft ein gutes Team sein k\u00f6nnen.\u201c<\/p>\n","protected":false},"excerpt":{"rendered":"Die Bilanz von Giovanni Reyna (23) in Gladbach ist ausbauf\u00e4hig: Der US-Nationalspieler, der Ende August aus Dortmund an&hellip;\n","protected":false},"author":2,"featured_media":661590,"comment_status":"","ping_status":"","sticky":false,"template":"","format":"standard","meta":{"footnotes":""},"categories":[1849],"tags":[888,3364,29,538,548,663,3934,347,30,13,4455,14,51364,15,1209,100110,12,803,819,45],"class_list":{"0":"post-661589","1":"post","2":"type-post","3":"status-publish","4":"format-standard","5":"has-post-thumbnail","7":"category-moenchengladbach","8":"tag-borussia-dortmund","9":"tag-de","10":"tag-deutschland","11":"tag-erste-bundesliga","12":"tag-eu","13":"tag-europa","14":"tag-europe","15":"tag-fussball","16":"tag-germany","17":"tag-headlines","18":"tag-moenchengladbach","19":"tag-nachrichten","20":"tag-neuhaus-florian","21":"tag-news","22":"tag-nordrhein-westfalen","23":"tag-reyna-giovanni","24":"tag-schlagzeilen","25":"tag-spielertransfer","26":"tag-sport-leuchtturm-essen","27":"tag-texttospeech"},"share_on_mastodon":{"url":"https:\/\/pubeurope.com\/@de\/115756483586505701","error":""},"_links":{"self":[{"href":"https:\/\/www.europesays.com\/de\/wp-json\/wp\/v2\/posts\/661589","targetHints":{"allow":["GET"]}}],"collection":[{"href":"https:\/\/www.europesays.com\/de\/wp-json\/wp\/v2\/posts"}],"about":[{"href":"https:\/\/www.europesays.com\/de\/wp-json\/wp\/v2\/types\/post"}],"author":[{"embeddable":true,"href":"https:\/\/www.europesays.com\/de\/wp-json\/wp\/v2\/users\/2"}],"replies":[{"embeddable":true,"href":"https:\/\/www.europesays.com\/de\/wp-json\/wp\/v2\/comments?post=661589"}],"version-history":[{"count":0,"href":"https:\/\/www.europesays.com\/de\/wp-json\/wp\/v2\/posts\/661589\/revisions"}],"wp:featuredmedia":[{"embeddable":true,"href":"https:\/\/www.europesays.com\/de\/wp-json\/wp\/v2\/media\/661590"}],"wp:attachment":[{"href":"https:\/\/www.europesays.com\/de\/wp-json\/wp\/v2\/media?parent=661589"}],"wp:term":[{"taxonomy":"category","embeddable":true,"href":"https:\/\/www.europesays.com\/de\/wp-json\/wp\/v2\/categories?post=661589"},{"taxonomy":"post_tag","embeddable":true,"href":"https:\/\/www.europesays.com\/de\/wp-json\/wp\/v2\/tags?post=661589"}],"curies":[{"name":"wp","href":"https:\/\/api.w.org\/{rel}","templated":true}]}}