{"id":661619,"date":"2025-12-21T08:13:33","date_gmt":"2025-12-21T08:13:33","guid":{"rendered":"https:\/\/www.europesays.com\/de\/661619\/"},"modified":"2025-12-21T08:13:33","modified_gmt":"2025-12-21T08:13:33","slug":"warnung-in-den-usa-wegen-luftverschmutzung-bevoelkerung-dieses-bundesstaates-wird-aufgrund-ungesunder-werte-aufgefordert-zu-hause-zu-bleiben","status":"publish","type":"post","link":"https:\/\/www.europesays.com\/de\/661619\/","title":{"rendered":"Warnung in den USA wegen Luftverschmutzung: Bev\u00f6lkerung dieses Bundesstaates wird aufgrund ungesunder Werte aufgefordert, zu Hause zu bleiben"},"content":{"rendered":"<p>In den fr\u00fchen Morgenstunden des Dienstags erhielten Tausende von Bewohnern Nordkaliforniens, USA, offizielle Warnungen, <strong>in ihren H\u00e4usern zu bleiben<\/strong> aufgrund von <strong>ungesunden<\/strong> <strong><a href=\"https:\/\/noticiasambientales.com\/medio-ambiente\/crisis-sanitaria-en-nueva-delhi-india-la-contaminacion-del-aire-causo-200-000-enfermedades-respiratorias\/\" target=\"_blank\" rel=\"noopener\">Luftverschmutzungswerten<\/a><\/strong>.<\/p>\n<p>An diesem Tag stellten die <strong>Umweltbeh\u00f6rden<\/strong> einen kritischen Anstieg von <strong>Feinstaubpartikeln<\/strong> in Orten wie Portola, Chester und Gebieten des Plumas National Forest fest.<\/p>\n<p>Das System <strong><a href=\"https:\/\/www.airnow.gov\/?city=False&amp;country=ITA\" target=\"_blank\" rel=\"noopener\">AirNow<\/a><\/strong> meldete um 4:00 Uhr ET eine <strong>ungesunde Luftqualit\u00e4t<\/strong> im Norden Kaliforniens, eine <strong>Verschmutzung<\/strong>, die die Gesundheit beeintr\u00e4chtigt.<\/p>\n<p>Insbesondere die Gemeinden \u00f6stlich der <strong>Sierra<\/strong> und die Bergt\u00e4ler waren den <strong>schlimmsten Bedingungen<\/strong> der <strong><a href=\"https:\/\/noticiasambientales.com\/bienestar\/la-contaminacion-del-aire-puede-reducir-los-beneficios-de-la-actividad-fisica-para-la-salud\/\" target=\"_blank\" rel=\"noopener\">Luftverschmutzung<\/a><\/strong> ausgesetzt.<\/p>\n<p>Der Luftqualit\u00e4tsindex (AQI) verzeichnete Werte von <strong>\u00fcber 150 Punkten<\/strong>, eine Schwelle, die <strong>Pr\u00e4ventionsma\u00dfnahmen<\/strong> f\u00fcr gef\u00e4hrdete Gruppen und die Allgemeinheit ausl\u00f6ste.<\/p>\n<p><img decoding=\"async\" src=\"https:\/\/www.europesays.com\/de\/wp-content\/uploads\/2025\/12\/Crisis-sanitaria-en-Nueva-Delhi-India-la-contaminacion-del-aire-causo-200.000-enfermedades-respirato.webp\" alt=\"Crisis sanitaria en Nueva Delhi, India, la contaminaci\u00f3n del aire caus\u00f3 200.000 enfermedades respiratorias - Ritesh Shukla-Getty Images\" class=\"wp-image-128680\"\/><\/p>\n<p><strong>In Kalifornien \u00fcberschritt die Luftverschmutzung die normalen Grenzen<\/strong><\/p>\n<p>Die <strong>PM2.5-Partikel<\/strong> erreichten Konzentrationen, die <strong>55 Mikrogramm pro Kubikmeter<\/strong> in den betroffenen Gebieten \u00fcberschritten.<\/p>\n<p>Die <strong>Umweltschutzbeh\u00f6rde (EPA)<\/strong> warnte, dass diese <strong>Werte<\/strong> selbst gesunde Personen nach mehreren Stunden Exposition beeintr\u00e4chtigen k\u00f6nnen.<\/p>\n<p>Die interaktiven Karten von <strong>AirNow<\/strong> zeigten <strong>rote und violette<\/strong> Farben, die die Region dominierten.<\/p>\n<p>Diese T\u00f6ne stehen f\u00fcr eine <strong>ungesunde<\/strong> und <strong>\u201esehr ungesunde\u201c<\/strong> Luftqualit\u00e4t.<\/p>\n<p>Daher empfahl die EPA, <strong>keine k\u00f6rperlichen \u00dcbungen<\/strong> im Freien zu machen, <strong>k\u00f6rperliche Routinen zu \u00e4ndern<\/strong> und Aktivit\u00e4ten neu zu planen.<\/p>\n<p>\u201eBei Feststellung eines ungesunden Ereignisses sollten <strong>gef\u00e4hrdete Personen<\/strong> jegliche <strong>Aktivit\u00e4t<\/strong> im Freien vermeiden und in gut bel\u00fcfteten <strong>Innenr\u00e4umen<\/strong> bleiben\u201c, erkl\u00e4rte die Beh\u00f6rde.<\/p>\n<p><strong>Was geschah in Kalifornien und warum stiegen die Luftverschmutzungswerte an?<\/strong><\/p>\n<p>Die <strong>offiziellen Aufzeichnungen<\/strong> zeigten, dass die <strong>Wetterbedingungen<\/strong> die kalte Luft <strong>nahe am Boden gefangen hielten<\/strong>.<\/p>\n<p>Dieses Ph\u00e4nomen beg\u00fcnstigte die <strong>Anh\u00e4ufung<\/strong> von PM2.5-Partikeln aus <strong>h\u00e4uslicher Verbrennung<\/strong>, Fahrzeugen und anderen kleineren Quellen.<\/p>\n<p>Experten der <strong>National Oceanic and Atmospheric Administration (NOAA)<\/strong> erkl\u00e4rten: \u201eW\u00e4hrend <strong>Inversionsereignissen<\/strong> zirkuliert die verschmutzte Luft nicht und die Schadstoffe bleiben <strong>konzentriert<\/strong> in den unteren Schichten der Atmosph\u00e4re.\u201c<\/p>\n<p>Im Gegensatz zu fr\u00fcheren Episoden war dieses Ereignis nicht mit <strong>gro\u00dfen Br\u00e4nden<\/strong> verbunden.<\/p>\n<p>Die Hauptquellen waren <strong>Aktivit\u00e4ten<\/strong> im Zusammenhang mit dem Winter, die <strong>Landwirtschaft<\/strong> und <strong>Wetterph\u00e4nomene<\/strong>, die die nat\u00fcrliche Bel\u00fcftung erschwerten.<\/p>\n<p><img decoding=\"async\" src=\"https:\/\/www.europesays.com\/de\/wp-content\/uploads\/2025\/12\/contaminacion-del-aire-1024x683.jpg.webp.webp\" alt=\"contaminaci\u00f3n del aire\" class=\"wp-image-126922\"\/><\/p>\n<p><strong>Die gef\u00e4hrdeten Gruppen und die Schutzma\u00dfnahmen<\/strong><\/p>\n<p>Die <strong>Beh\u00f6rden<\/strong> identifizierten die folgenden Gruppen als besonders gef\u00e4hrdet:<\/p>\n<ul class=\"wp-block-list\">\n<li><strong>Kinder<\/strong> und \u00e4ltere Erwachsene<\/li>\n<li>Personen mit <strong>Lungenerkrankungen<\/strong><\/li>\n<li>Individuen mit <strong>vorgesch\u00e4digten Herzkrankheiten<\/strong><\/li>\n<li>Bev\u00f6lkerung mit <strong>chronischen Atemwegserkrankungen<\/strong><\/li>\n<\/ul>\n<p>Die <strong>NOAA<\/strong> empfahl, <strong>st\u00fcndliche Updates<\/strong> zu konsultieren, da die Luftqualit\u00e4t je nach Luftmassenbewegung <strong>variieren<\/strong> kann.<\/p>\n<p>Die staatlichen Beh\u00f6rden empfahlen, <strong>Fenster nicht zu \u00f6ffnen<\/strong> w\u00e4hrend der Spitzenzeiten der Verschmutzung, um das Eindringen von Partikeln zu <strong>minimieren<\/strong>.<\/p>\n<p>Die <strong>EPA<\/strong> verwaltet das Portal <strong>AirNow<\/strong>, wo die Informationen <strong>st\u00fcndlich<\/strong> aktualisiert werden.<\/p>\n<p>Die Karten enthalten <strong>Berichte<\/strong> f\u00fcr Gemeinden und l\u00e4ndliche Gebiete, um die <strong>Entscheidungsfindung<\/strong> auf Gemeinschafts- und individueller Ebene zu erleichtern.<\/p>\n<p>Laut dem letzten Bericht der EPA \u201esind die <strong>Risiken von PM2.5<\/strong> durch eine umfangreiche <strong>wissenschaftliche Literatur<\/strong> \u00fcber <strong>akute und chronische<\/strong> Atemwegserkrankungen gest\u00fctzt, die die Hauptbegr\u00fcndung f\u00fcr die <strong>verbreitete Warnung<\/strong> darstellen.\u201c<\/p>\n<p>J\u00fcngste Zahlen zeigten einen <strong>Anstieg<\/strong> der Behandlungen f\u00fcr <strong>leichte Atemwegserkrankungen<\/strong> in lokalen Kliniken w\u00e4hrend der Tage der <strong>h\u00f6chsten Verschmutzung<\/strong>. Es wurden jedoch keine <strong>massiven Notf\u00e4lle<\/strong> gemeldet.<\/p>\n<p>Die <strong>\u00dcberwachung<\/strong> wird in Portola, Chester, Plumas National Forest und <strong>Sierra Valley<\/strong> fortgesetzt, bis die <strong>Luftqualit\u00e4t<\/strong> gem\u00e4\u00df den f\u00f6deralen Parametern wieder in sichere Kategorien zur\u00fcckkehrt.<\/p>\n","protected":false},"excerpt":{"rendered":"In den fr\u00fchen Morgenstunden des Dienstags erhielten Tausende von Bewohnern Nordkaliforniens, USA, offizielle Warnungen, in ihren H\u00e4usern zu&hellip;\n","protected":false},"author":2,"featured_media":661620,"comment_status":"","ping_status":"","sticky":false,"template":"","format":"standard","meta":{"footnotes":""},"categories":[3977],"tags":[331,332,13,2847,11638,26541,14,15,12,140557,4017,4018,4016,64,4019,4020],"class_list":{"0":"post-661619","1":"post","2":"type-post","3":"status-publish","4":"format-standard","5":"has-post-thumbnail","7":"category-usa","8":"tag-aktuelle-nachrichten","9":"tag-aktuelle-news","10":"tag-headlines","11":"tag-kalifornien","12":"tag-luft","13":"tag-luftverschmutzung","14":"tag-nachrichten","15":"tag-news","16":"tag-schlagzeilen","17":"tag-ungesund","18":"tag-united-states","19":"tag-united-states-of-america","20":"tag-us","21":"tag-usa","22":"tag-vereinigte-staaten","23":"tag-vereinigte-staaten-von-amerika"},"share_on_mastodon":{"url":"https:\/\/pubeurope.com\/@de\/115756559757346872","error":""},"_links":{"self":[{"href":"https:\/\/www.europesays.com\/de\/wp-json\/wp\/v2\/posts\/661619","targetHints":{"allow":["GET"]}}],"collection":[{"href":"https:\/\/www.europesays.com\/de\/wp-json\/wp\/v2\/posts"}],"about":[{"href":"https:\/\/www.europesays.com\/de\/wp-json\/wp\/v2\/types\/post"}],"author":[{"embeddable":true,"href":"https:\/\/www.europesays.com\/de\/wp-json\/wp\/v2\/users\/2"}],"replies":[{"embeddable":true,"href":"https:\/\/www.europesays.com\/de\/wp-json\/wp\/v2\/comments?post=661619"}],"version-history":[{"count":0,"href":"https:\/\/www.europesays.com\/de\/wp-json\/wp\/v2\/posts\/661619\/revisions"}],"wp:featuredmedia":[{"embeddable":true,"href":"https:\/\/www.europesays.com\/de\/wp-json\/wp\/v2\/media\/661620"}],"wp:attachment":[{"href":"https:\/\/www.europesays.com\/de\/wp-json\/wp\/v2\/media?parent=661619"}],"wp:term":[{"taxonomy":"category","embeddable":true,"href":"https:\/\/www.europesays.com\/de\/wp-json\/wp\/v2\/categories?post=661619"},{"taxonomy":"post_tag","embeddable":true,"href":"https:\/\/www.europesays.com\/de\/wp-json\/wp\/v2\/tags?post=661619"}],"curies":[{"name":"wp","href":"https:\/\/api.w.org\/{rel}","templated":true}]}}