{"id":661624,"date":"2025-12-21T08:17:22","date_gmt":"2025-12-21T08:17:22","guid":{"rendered":"https:\/\/www.europesays.com\/de\/661624\/"},"modified":"2025-12-21T08:17:22","modified_gmt":"2025-12-21T08:17:22","slug":"mit-grossen-folgen-fuer-europa-afrikas-fussball-steht-vor-gravierenden-veraenderungen","status":"publish","type":"post","link":"https:\/\/www.europesays.com\/de\/661624\/","title":{"rendered":"Mit gro\u00dfen Folgen f\u00fcr Europa: Afrikas Fu\u00dfball steht vor gravierenden Ver\u00e4nderungen"},"content":{"rendered":"<p>Mit gro\u00dfen Folgen f\u00fcr EuropaAfrikas Fu\u00dfball steht vor gravierenden Ver\u00e4nderungen<img decoding=\"async\" class=\"Image_img__fQCi0 Image_Img_16_9__4BLfH widget-picture-inline_maximizable__t_E7h\" loading=\"eager\" fetchpriority=\"high\" src=\"https:\/\/www.europesays.com\/de\/wp-content\/uploads\/2025\/12\/In-diesem-Jahr-findet-der-Afrika-Cup-in-der-Elfenbeinkueste-statt.webp.webp\" alt=\"In-diesem-Jahr-findet-der-Afrika-Cup-in-der-Elfenbeinkueste-statt\"\/>Der Afrika-Cup bekommt k\u00fcnftig einen neuen Rhythmus. (Foto: Ayman Aref\/dpa)TeilenFolgen auf:<a href=\"https:\/\/www.whatsapp.com\/channel\/0029Va5cdVJD8SDp5YZgYF01\" title=\"Auf WhatsApp folgen\" target=\"_blank\" rel=\"noopener\"><img decoding=\"async\" src=\"https:\/\/www.n-tv.de\/socialIcons\/whatsapp.svg\" alt=\"whatsapp\" class=\"ArticleShare_icon__FsrC2\"\/><\/a><a href=\"https:\/\/news.google.com\/publications\/CAAiEPMdif5mpRNxiLOeUpHCwwsqFAgKIhDzHYn-ZqUTcYiznlKRwsML?hl=de&amp;gl=DE&amp;ceid=DE%3Ade\" title=\"Auf Google News folgen\" target=\"_blank\" rel=\"noopener\"><img decoding=\"async\" src=\"https:\/\/www.n-tv.de\/socialIcons\/google.svg\" alt=\"whatsapp\" class=\"ArticleShare_icon__FsrC2\"\/><\/a><\/p>\n<p class=\"Typography_text-m__XI0da Typography_weight-bold__uT6mq storyline_lead_text_leadtext__q_wg8\">Der afrikanische Fu\u00dfball steht vor gro\u00dfen Ver\u00e4nderungen. Eine Nations League soll installiert werden, daf\u00fcr ver\u00e4ndert sich der Rhythmus des Afrika-Cups. Eine Entlastung f\u00fcr den internationalen Klub-Fu\u00dfball bedeutet das aber wohl nicht.<\/p>\n<p class=\"Typography_text-default__P3otY Typography_weight-normal__pqUbH storyline_paragraph_p__qSR5N\">Der Afrika Cup wird ab 2028 nur noch alle vier Jahre stattfinden. Zus\u00e4tzlich soll ab 2029 eine neue afrikanische Nations League eingef\u00fchrt werden. Das gab Patrice Motsepe, Pr\u00e4sident des afrikanischen Fu\u00dfballverbandes (CAF), in Marokkos Hauptstadt Rabat bekannt .&#8220;Wir haben die spannendste neue Struktur f\u00fcr den afrikanischen Fu\u00dfball&#8220;, sagte Motsepe auf einer Pressekonferenz. Die \u00c4nderungen seien &#8222;im Interesse Afrikas. Der globale Kalender muss deutlich besser synchronisiert und harmonisiert werden.&#8220; Der diesj\u00e4hrige Afrika Cup beginnt am Sonntag mit dem Spiel der Komoren gegen Gastgeber Marokko.<\/p>\n<p class=\"Typography_text-default__P3otY Typography_weight-normal__pqUbH storyline_paragraph_p__qSR5N\">Motsepe sagte, dass der Afrika Cup 2027, der von Uganda, Kenia und Tansania ausgerichtet wird, wie geplant stattfinden und die urspr\u00fcnglich f\u00fcr 2029 angedachte Ausgabe auf 2028 vorverlegt wird. Der folgende Afrika Cup wird dann 2032 ausgetragen und damit wie Europa- und Weltmeisterschaften nur noch im Vierjahreszyklus.<\/p>\n<p>Nations League nun auch in Afrika<\/p>\n<p class=\"Typography_text-default__P3otY Typography_weight-normal__pqUbH storyline_paragraph_p__qSR5N\">Durch die Rhythmus\u00e4nderung k\u00f6nnte die afrikanische Nationenliga 2029 ihre Premiere feiern. Laut Motsepe nehmen alle 54 Mitglieder des Kontinents teil, mit Spielen im September und Oktober, bevor das Finale im November stattfindet. &#8222;Es wird jedes Jahr einen Wettbewerb geben, bei dem die besten afrikanischen Spieler, die in Europa und weltweit spielen, mit uns auf dem Kontinent sein werden&#8220;, sagte Motsepe. <\/p>\n<p class=\"Typography_text-default__P3otY Typography_weight-normal__pqUbH storyline_paragraph_p__qSR5N\">Das d\u00fcrfte viele Vereine in Europa vor noch gr\u00f6\u00dfere Herausforderungen stellen als bisher schon. Der Afrika Cup sorgt immer wieder daf\u00fcr, dass Leistungstr\u00e4ger w\u00e4hrend der Saison \u00fcber einen l\u00e4ngeren Zeitraum nicht zur Verf\u00fcgung stehen.<\/p>\n<p class=\"Typography_text-default__P3otY Typography_weight-normal__pqUbH storyline_paragraph_p__qSR5N\">Wann genau der Afrika Cup 2028 stattfinden soll, konnte Motsepe noch nicht sagen. Die Terminierung des wichtigsten nationalen Wettbewerbs Afrikas ist seit jeher ein Problem. Das jetzige Turnier wurde vom geplanten Starttermin im Sommer verschoben, damit es nicht mit der neuen Klub-WM des Weltverbandes FIFA kollidiert. Auch zuvor war der aktuelle Zweijahresrhythmus nicht immer eingehalten worden. Zuletzt war die Elfenbeink\u00fcste im Fr\u00fchjahr 2024 Gastgeber, 2012 und 2013 fanden kurz nacheinander zwei Auflagen statt.<\/p>\n<p class=\"Typography_text-s__wu_cm Typography_weight-normal__pqUbH Typography_color-darkgrey__sZEnP article-detail-footer_source__KslPc\">Quelle: ntv.de, tno\/dpa<\/p>\n","protected":false},"excerpt":{"rendered":"Mit gro\u00dfen Folgen f\u00fcr EuropaAfrikas Fu\u00dfball steht vor gravierenden Ver\u00e4nderungenDer Afrika-Cup bekommt k\u00fcnftig einen neuen Rhythmus. (Foto: Ayman&hellip;\n","protected":false},"author":2,"featured_media":661625,"comment_status":"","ping_status":"","sticky":false,"template":"","format":"standard","meta":{"footnotes":""},"categories":[3933],"tags":[148728,331,332,548,663,158,3934,3935,347,13,14,15,12],"class_list":{"0":"post-661624","1":"post","2":"type-post","3":"status-publish","4":"format-standard","5":"has-post-thumbnail","7":"category-eu","8":"tag-afrika-cup","9":"tag-aktuelle-nachrichten","10":"tag-aktuelle-news","11":"tag-eu","12":"tag-europa","13":"tag-europaeische-union","14":"tag-europe","15":"tag-european-union","16":"tag-fussball","17":"tag-headlines","18":"tag-nachrichten","19":"tag-news","20":"tag-schlagzeilen"},"share_on_mastodon":{"url":"https:\/\/pubeurope.com\/@de\/115756575026988028","error":""},"_links":{"self":[{"href":"https:\/\/www.europesays.com\/de\/wp-json\/wp\/v2\/posts\/661624","targetHints":{"allow":["GET"]}}],"collection":[{"href":"https:\/\/www.europesays.com\/de\/wp-json\/wp\/v2\/posts"}],"about":[{"href":"https:\/\/www.europesays.com\/de\/wp-json\/wp\/v2\/types\/post"}],"author":[{"embeddable":true,"href":"https:\/\/www.europesays.com\/de\/wp-json\/wp\/v2\/users\/2"}],"replies":[{"embeddable":true,"href":"https:\/\/www.europesays.com\/de\/wp-json\/wp\/v2\/comments?post=661624"}],"version-history":[{"count":0,"href":"https:\/\/www.europesays.com\/de\/wp-json\/wp\/v2\/posts\/661624\/revisions"}],"wp:featuredmedia":[{"embeddable":true,"href":"https:\/\/www.europesays.com\/de\/wp-json\/wp\/v2\/media\/661625"}],"wp:attachment":[{"href":"https:\/\/www.europesays.com\/de\/wp-json\/wp\/v2\/media?parent=661624"}],"wp:term":[{"taxonomy":"category","embeddable":true,"href":"https:\/\/www.europesays.com\/de\/wp-json\/wp\/v2\/categories?post=661624"},{"taxonomy":"post_tag","embeddable":true,"href":"https:\/\/www.europesays.com\/de\/wp-json\/wp\/v2\/tags?post=661624"}],"curies":[{"name":"wp","href":"https:\/\/api.w.org\/{rel}","templated":true}]}}