{"id":661662,"date":"2025-12-21T08:39:16","date_gmt":"2025-12-21T08:39:16","guid":{"rendered":"https:\/\/www.europesays.com\/de\/661662\/"},"modified":"2025-12-21T08:39:16","modified_gmt":"2025-12-21T08:39:16","slug":"rb-leipzig-kapitaen-david-raum-kritisiert-schiedsrichter","status":"publish","type":"post","link":"https:\/\/www.europesays.com\/de\/661662\/","title":{"rendered":"RB-Leipzig-Kapit\u00e4n David Raum kritisiert Schiedsrichter"},"content":{"rendered":"<p class=\"p1 sm:p1-medium items-start pb-[20px]\" data-selector=\"body-paragraph\" data-external-selector=\"body-elements-paragraph\" data-v-f16c667d=\"\" data-v-439309db=\"\">Nationalspieler <a data-rtr-index=\"1\" title=\"David Raum\" href=\"https:\/\/www.faz.net\/aktuell\/sport\/thema\/david-raum\" target=\"_blank\" rel=\"noopener\">David Raum<\/a> von RB Leipzig hat Schiedsrichter Benjamin Brand nach dem <a href=\"https:\/\/www.faz.net\/aktuell\/sport\/fussball\/bundesliga\/sieg-im-topspiel-leverkusen-zieht-an-leipzig-vorbei-200326331.html\" target=\"_blank\" rel=\"noopener\">1:3 gegen Bayer Leverkusen<\/a> heftig attackiert. \u201eDer Schiedsrichter war dem Spiel leider nicht w\u00fcrdig, muss ich ehrlich sagen. Das war eine Nummer zu gro\u00df f\u00fcr ihn, habe ich ihm auch so im Spiel gesagt\u201c, echauffierte sich Raum beim TV-Sender Sky am Samstagabend: \u201eEr war v\u00f6llig \u00fcberfordert. Ich habe es auch seinem Linienrichter gesagt. Der hat, glaube ich, auch ein bisschen genickt.\u201c<\/p>\n<p class=\"p1 sm:p1-medium items-start pb-[20px]\" data-selector=\"body-paragraph\" data-external-selector=\"body-elements-paragraph\" data-v-f16c667d=\"\" data-v-439309db=\"\">Die Leipziger \u00e4rgerten sich vor allem dar\u00fcber, dass Brand in der Nachspielzeit keinen Handelfmeter f\u00fcr <a data-rtr-index=\"3\" title=\"Leipzig\" href=\"https:\/\/www.faz.net\/aktuell\/feuilleton\/thema\/leipzig\" target=\"_blank\" rel=\"noopener\">Leipzig<\/a> pfiff. Beim anschlie\u00dfenden Konter machte Leverkusens Montrell Culbreath mit dem dritten Treffer f\u00fcr Leverkusen alles klar im Topspiel des 14. Spieltags.<\/p>\n<p class=\"p1 sm:p1-medium items-start pb-[20px]\" data-selector=\"body-paragraph\" data-external-selector=\"body-elements-paragraph\" data-v-f16c667d=\"\" data-v-439309db=\"\">\u201eDass sich der Schiedsrichter das nicht einmal anschaut, finde ich schade\u201c, sagte Raum: \u201eManchmal ist es einfach so: Die haben auch mal einen schlechten Tag. Die machen auch mal Fehler, verstehe ich auch. Aber dann muss er es sich eingestehen und nicht von oben herab dann wieder reden. (&#8230;) Ich mag auch die Art einfach nicht. Es gibt Schiedsrichter in der Bundesliga, die machen das sympathisch. Heute war es leider nicht so.\u201c<\/p>\n<p class=\"p1 sm:p1-medium items-start pb-[20px]\" data-selector=\"body-paragraph\" data-external-selector=\"body-elements-paragraph\" data-v-f16c667d=\"\" data-v-439309db=\"\">Bei der umstrittenen Szene erwischte der Leverkusener Robert Andrich den Ball tats\u00e4chlich mit ausgebreitetem Arm, zuvor wurde er aber auch vom Leipziger Verteidiger Willi Orban ein wenig unterlaufen. \u201eWas soll ich in der Situation gro\u00dfartig machen? Ich kann meinem Arm in dem Moment ja nicht sagen: Bleib, wenn du hinf\u00e4llst, einfach unten. Wenn es daf\u00fcr Elfmeter gibt, dann gute Besserung.\u201c<\/p>\n<p class=\"p1 sm:p1-medium items-start pb-[20px]\" data-selector=\"body-paragraph\" data-external-selector=\"body-elements-paragraph\" data-v-f16c667d=\"\" data-v-439309db=\"\">Leipzigs Trainer Ole Werner sah dies nat\u00fcrlich anders. \u201eIch habe es nicht als eine gute Leistung wahrgenommen. Nicht deshalb, weil alles Kraut und R\u00fcben war, sondern weil der Schiedsrichter f\u00fcr mein Daf\u00fcrhalten in zwei spielentscheidenden Situationen vollkommen daneben lag\u201c, sagte der Coach, der neben dem nicht gegebenen Elfmeter auch eine Gelb-Rote Karte gegen den Leverkusener Arthur in der 70. Minute einforderte.<\/p>\n<p class=\"p1 sm:p1-medium items-start pb-[20px]\" data-selector=\"body-paragraph\" data-external-selector=\"body-elements-paragraph\" data-v-f16c667d=\"\" data-v-439309db=\"\">\u201eDas ist f\u00fcr mich vollkommen unstrittig\u201c, sagte der Trainer. \u201eEr kommt gegen Raum viel zu sp\u00e4t. Dann spielst du 20 Minuten in \u00dcberzahl und das macht auch einen Unterschied.\u201c Die Ursache f\u00fcr die Niederlage sah er aber auch bei seiner Mannschaft: \u201eIn der Viertelstunde vor der Halbzeit haben wir an Kompaktheit verloren und zwei Gegentore gefangen, die wir besser verteidigen k\u00f6nnen.\u201c<\/p>\n<p class=\"p1 sm:p1-medium items-start pb-[20px]\" data-selector=\"body-paragraph\" data-external-selector=\"body-elements-paragraph\" data-v-f16c667d=\"\" data-v-439309db=\"\">Zur Kritik von Raum am Verhalten des Schiedsrichters wollte Werner nicht viel sagen: \u201eIch habe nicht die Kommunikation mit dem Schiedsrichter auf dem Platz, daher kann ich dazu relativ wenig sagen. Er ist mein Kapit\u00e4n, er hat es erlebt.\u201c Am Ende musste aber auch Raum mit Blick auf die Leistung seiner Mannschaft eingestehen: \u201eWir verlieren es in den letzten 15 Minuten der ersten Halbzeit, da machen wir zwei bl\u00f6de Fehler.\u201c<\/p>\n","protected":false},"excerpt":{"rendered":"Nationalspieler David Raum von RB Leipzig hat Schiedsrichter Benjamin Brand nach dem 1:3 gegen Bayer Leverkusen heftig attackiert.&hellip;\n","protected":false},"author":2,"featured_media":661663,"comment_status":"","ping_status":"","sticky":false,"template":"","format":"standard","meta":{"footnotes":""},"categories":[1832],"tags":[3364,29,30,71,859],"class_list":{"0":"post-661662","1":"post","2":"type-post","3":"status-publish","4":"format-standard","5":"has-post-thumbnail","7":"category-leipzig","8":"tag-de","9":"tag-deutschland","10":"tag-germany","11":"tag-leipzig","12":"tag-sachsen"},"share_on_mastodon":{"url":"https:\/\/pubeurope.com\/@de\/115756660469244521","error":""},"_links":{"self":[{"href":"https:\/\/www.europesays.com\/de\/wp-json\/wp\/v2\/posts\/661662","targetHints":{"allow":["GET"]}}],"collection":[{"href":"https:\/\/www.europesays.com\/de\/wp-json\/wp\/v2\/posts"}],"about":[{"href":"https:\/\/www.europesays.com\/de\/wp-json\/wp\/v2\/types\/post"}],"author":[{"embeddable":true,"href":"https:\/\/www.europesays.com\/de\/wp-json\/wp\/v2\/users\/2"}],"replies":[{"embeddable":true,"href":"https:\/\/www.europesays.com\/de\/wp-json\/wp\/v2\/comments?post=661662"}],"version-history":[{"count":0,"href":"https:\/\/www.europesays.com\/de\/wp-json\/wp\/v2\/posts\/661662\/revisions"}],"wp:featuredmedia":[{"embeddable":true,"href":"https:\/\/www.europesays.com\/de\/wp-json\/wp\/v2\/media\/661663"}],"wp:attachment":[{"href":"https:\/\/www.europesays.com\/de\/wp-json\/wp\/v2\/media?parent=661662"}],"wp:term":[{"taxonomy":"category","embeddable":true,"href":"https:\/\/www.europesays.com\/de\/wp-json\/wp\/v2\/categories?post=661662"},{"taxonomy":"post_tag","embeddable":true,"href":"https:\/\/www.europesays.com\/de\/wp-json\/wp\/v2\/tags?post=661662"}],"curies":[{"name":"wp","href":"https:\/\/api.w.org\/{rel}","templated":true}]}}