{"id":661666,"date":"2025-12-21T08:41:28","date_gmt":"2025-12-21T08:41:28","guid":{"rendered":"https:\/\/www.europesays.com\/de\/661666\/"},"modified":"2025-12-21T08:41:28","modified_gmt":"2025-12-21T08:41:28","slug":"fuer-fuerth-wird-die-zeit-knapp","status":"publish","type":"post","link":"https:\/\/www.europesays.com\/de\/661666\/","title":{"rendered":"F\u00fcr F\u00fcrth wird die Zeit knapp"},"content":{"rendered":"<p>\u00abAbsolute Crunchtime\u00bb: F\u00fcr F\u00fcrth wird die Zeit knapp<\/p>\n<p>  <img loading=\"lazy\" decoding=\"async\" src=\"https:\/\/www.europesays.com\/de\/wp-content\/uploads\/2025\/12\/1846377_1_fullwidth_Die_Fuerther_Hinrunde_endete_beim_1_2_in_Duesseldorf_enttaeuschend_Maximilian_Di.jpeg\" alt=\"Fortuna D\u00fcsseldorf - SpVgg Greuther F\u00fcrth\" title=\"Fortuna D\u00fcsseldorf - SpVgg Greuther F\u00fcrth\" width=\"1050\" height=\"606\"\/><\/p>\n<p>Bildtext einblenden<\/p>\n<p>Die F\u00fcrther Hinrunde endete beim 1:2 in D\u00fcsseldorf entt\u00e4uschend: Maximilian Dietz verbirgt sein Gesicht. Foto: Anke Waelischmiller\/DPA <img loading=\"lazy\" decoding=\"async\" src=\"https:\/\/www.europesays.com\/de\/wp-content\/uploads\/2025\/12\/1846378_1_fullwidth_In_der_Winterpause_will_der_neue_Trainer_Heiko_Vogel_seiner_Mannschaft_den_Weg_z.jpeg\" alt=\"Fortuna D\u00fcsseldorf - SpVgg Greuther F\u00fcrth\" title=\"Fortuna D\u00fcsseldorf - SpVgg Greuther F\u00fcrth\" width=\"1050\" height=\"606\"\/><\/p>\n<p>Bildtext einblenden<\/p>\n<p>In der Winterpause will der neue Trainer Heiko Vogel seiner Mannschaft den Weg zu einer effektiveren Defensive zeigen. Foto: Anke Waelischmiller\/DPA <\/p>\n","protected":false},"excerpt":{"rendered":"\u00abAbsolute Crunchtime\u00bb: F\u00fcr F\u00fcrth wird die Zeit knapp Bildtext einblenden Die F\u00fcrther Hinrunde endete beim 1:2 in D\u00fcsseldorf&hellip;\n","protected":false},"author":2,"featured_media":661667,"comment_status":"","ping_status":"","sticky":false,"template":"","format":"standard","meta":{"footnotes":""},"categories":[1831],"tags":[11399,299,3364,29,3405,11403,9903,11400,347,9464,30,1209,11402,265,11401,7109,11404],"class_list":{"0":"post-661666","1":"post","2":"type-post","3":"status-publish","4":"format-standard","5":"has-post-thumbnail","7":"category-duesseldorf","8":"tag-bayernliga","9":"tag-bundesliga","10":"tag-de","11":"tag-deutschland","12":"tag-duesseldorf","13":"tag-em","14":"tag-ergebnisse","15":"tag-europameisterschaft","16":"tag-fussball","17":"tag-fussballer","18":"tag-germany","19":"tag-nordrhein-westfalen","20":"tag-spielberichte","21":"tag-sport","22":"tag-sport-tabellen","23":"tag-weltmeisterschaft","24":"tag-wm"},"share_on_mastodon":{"url":"https:\/\/pubeurope.com\/@de\/115756669286146978","error":""},"_links":{"self":[{"href":"https:\/\/www.europesays.com\/de\/wp-json\/wp\/v2\/posts\/661666","targetHints":{"allow":["GET"]}}],"collection":[{"href":"https:\/\/www.europesays.com\/de\/wp-json\/wp\/v2\/posts"}],"about":[{"href":"https:\/\/www.europesays.com\/de\/wp-json\/wp\/v2\/types\/post"}],"author":[{"embeddable":true,"href":"https:\/\/www.europesays.com\/de\/wp-json\/wp\/v2\/users\/2"}],"replies":[{"embeddable":true,"href":"https:\/\/www.europesays.com\/de\/wp-json\/wp\/v2\/comments?post=661666"}],"version-history":[{"count":0,"href":"https:\/\/www.europesays.com\/de\/wp-json\/wp\/v2\/posts\/661666\/revisions"}],"wp:featuredmedia":[{"embeddable":true,"href":"https:\/\/www.europesays.com\/de\/wp-json\/wp\/v2\/media\/661667"}],"wp:attachment":[{"href":"https:\/\/www.europesays.com\/de\/wp-json\/wp\/v2\/media?parent=661666"}],"wp:term":[{"taxonomy":"category","embeddable":true,"href":"https:\/\/www.europesays.com\/de\/wp-json\/wp\/v2\/categories?post=661666"},{"taxonomy":"post_tag","embeddable":true,"href":"https:\/\/www.europesays.com\/de\/wp-json\/wp\/v2\/tags?post=661666"}],"curies":[{"name":"wp","href":"https:\/\/api.w.org\/{rel}","templated":true}]}}