{"id":661686,"date":"2025-12-21T08:51:20","date_gmt":"2025-12-21T08:51:20","guid":{"rendered":"https:\/\/www.europesays.com\/de\/661686\/"},"modified":"2025-12-21T08:51:20","modified_gmt":"2025-12-21T08:51:20","slug":"seniorin-reist-auf-kreuzfahrt-und-verunglueckt-toedlich","status":"publish","type":"post","link":"https:\/\/www.europesays.com\/de\/661686\/","title":{"rendered":"Seniorin reist auf Kreuzfahrt und verungl\u00fcckt t\u00f6dlich"},"content":{"rendered":"<p>Kreuzfahrt in Nordspanien <\/p>\n<p>Hamburger Seniorin von Welle erfasst und t\u00f6dlich verungl\u00fcckt<\/p>\n<p>21.12.2025 &#8211; 08:35 UhrLesedauer: 1 Min.<\/p>\n<p><a href=\"#focus-0\" class=\"transition-colors duration-200 block text-current relative\" data-sctrack=\"FocusGalleryImage.Reference\"><img fetchpriority=\"high\" data-testid=\"Opener.Image\" style=\"--lqipURL:url('https:\/\/images.t-online.de\/2025\/11\/dBwmdDqVkI7u\/0x204:4000x2250\/fit-in\/150x0\/filters:blur(25)\/deutschland-mecklenburg-vorpommern-warnemuende-06-062025-das-kreuzfahrtschiff-der-in-rostock-ansaessigen-reederei-aida-aidamar-verlaesst-den-hafen-von-rostock-warnemuende-aidamar-in-warnemuende-germany-mecklenburg-vorpommern-warnemuende-06-06-2025-the-cruise-ship-of-the-rostock-based-shipping-company-aida-aidamar-leaves-the-port-of-rostock-warnemuende-aidamar-in-warnemuende.jpg')\"   loading=\"eager\" src=\"https:\/\/www.europesays.com\/de\/wp-content\/uploads\/2025\/12\/deutschland-mecklenburg-vorpommern-warnemuende-06-062025-das-kreuzfahrtschiff-der-in-rostock-ansaess.jpeg\" alt=\"imago images 0821659663\" title=\"imago images 0821659663\" width=\"4000\" height=\"2250\" class=\"bg-[url:var(--lqipURL)] bg-cover bg-center flex h-full w-full max-w-full\" decoding=\"async\"\/><img style=\"--width:32;--height:32\" loading=\"lazy\" src=\"https:\/\/hamburg.t-online.de\/s\/paper\/_next\/static\/media\/zoom-in.f7dae02f.svg\" alt=\"Vergr\u00f6\u00dfern des Bildes\" title=\"Vergr\u00f6\u00dfern des Bildes\" class=\"block h-[calc(var(--height)_\/_16_*_1rem)] w-[calc(var(--width)_\/_16_*_1rem)] max-w-none absolute bottom-8 right-8 rounded-4 bg-snow p-8\" decoding=\"async\"\/><\/a><\/p>\n<p>Das Kreuzfahrtschiff &#8222;AIDAmar&#8220; (Archivbild): Auf dem Schiff soll die Verungl\u00fcckte unterwegs gewesen sein. (Quelle: IMAGO\/Johannes Koziol\/imago)<\/p>\n<p class=\"font-bold text-18 leading-17\">Eine 85-j\u00e4hrige Hamburgerin ist bei einem Kreuzfahrtausflug in Galicien ums Leben gekommen. Die Frau wurde beim Fotografieren von einer Welle ins Meer gerissen.<\/p>\n<p class=\"text-18 leading-17\">Eine 85 Jahre alte deutsche Touristin ist bei einem Kreuzfahrtausflug in Nordspanien t\u00f6dlich verungl\u00fcckt. Wie der NDR berichtet, wurde die Seniorin aus Hamburg am Donnerstagnachmittag an der galicischen Atlantikk\u00fcste von einer Welle erfasst und ins Meer gerissen.<\/p>\n<p class=\"text-18 leading-17\">Nach Informationen der &#8222;Bild&#8220; war die Frau beim Fotografieren von der Welle erfasst und gegen Felsen geschleudert worden. Der NDR berichtet, dass ein Anwohner filmte, wie die Seniorin bei starkem Wellengang an einem kleinen Strand in Galicien offenbar etwas fotografierte. Eine gr\u00f6\u00dfere Welle habe dann pl\u00f6tzlich den gesamten Strandabschnitt sowie die angrenzende Uferpromenade samt Stra\u00dfe \u00fcberflutet. Danach sei die Frau nicht mehr zu sehen gewesen.<\/p>\n<p class=\"text-18 leading-17\">Nach NDR-Informationen war die 85-J\u00e4hrige allein auf der &#8222;AIDAmar&#8220; unterwegs. Das Kreuzfahrtschiff hatte im Hafen von Vigo angelegt. Einige Passagiere waren f\u00fcr einen Ausflug mit dem Bus zu dem kleinen Strand nach Baiona gefahren. Laut spanischen Zeitungsberichten wurde die Frau sp\u00e4ter tot geborgen.<\/p>\n<p class=\"text-18 leading-17\">Die spanischen Beh\u00f6rden hatten vor st\u00fcrmischem Wetter an der K\u00fcste Galiciens gewarnt. Anfang des Monats waren auf Teneriffa vier Menschen ums Leben gekommen, die von Wellen ins Meer gesp\u00fclt wurden.<\/p>\n","protected":false},"excerpt":{"rendered":"Kreuzfahrt in Nordspanien Hamburger Seniorin von Welle erfasst und t\u00f6dlich verungl\u00fcckt 21.12.2025 &#8211; 08:35 UhrLesedauer: 1 Min. Das&hellip;\n","protected":false},"author":2,"featured_media":661687,"comment_status":"","ping_status":"","sticky":false,"template":"","format":"standard","meta":{"footnotes":""},"categories":[1826],"tags":[722,17161,154439,58684,29,95937,30,692,15683,154438,28563,438,154437,6402],"class_list":{"0":"post-661686","1":"post","2":"type-post","3":"status-publish","4":"format-standard","5":"has-post-thumbnail","7":"category-hamburg","8":"tag-722","9":"tag-17161","10":"tag-aidamar","11":"tag-atlantikkueste","12":"tag-deutschland","13":"tag-galicien","14":"tag-germany","15":"tag-hamburg","16":"tag-kreuzfahrt","17":"tag-kreuzfahrtausflug","18":"tag-kreuzfahrtschiff","19":"tag-ndr","20":"tag-nordspanien","21":"tag-schiff"},"share_on_mastodon":{"url":"https:\/\/pubeurope.com\/@de\/115756708052567626","error":""},"_links":{"self":[{"href":"https:\/\/www.europesays.com\/de\/wp-json\/wp\/v2\/posts\/661686","targetHints":{"allow":["GET"]}}],"collection":[{"href":"https:\/\/www.europesays.com\/de\/wp-json\/wp\/v2\/posts"}],"about":[{"href":"https:\/\/www.europesays.com\/de\/wp-json\/wp\/v2\/types\/post"}],"author":[{"embeddable":true,"href":"https:\/\/www.europesays.com\/de\/wp-json\/wp\/v2\/users\/2"}],"replies":[{"embeddable":true,"href":"https:\/\/www.europesays.com\/de\/wp-json\/wp\/v2\/comments?post=661686"}],"version-history":[{"count":0,"href":"https:\/\/www.europesays.com\/de\/wp-json\/wp\/v2\/posts\/661686\/revisions"}],"wp:featuredmedia":[{"embeddable":true,"href":"https:\/\/www.europesays.com\/de\/wp-json\/wp\/v2\/media\/661687"}],"wp:attachment":[{"href":"https:\/\/www.europesays.com\/de\/wp-json\/wp\/v2\/media?parent=661686"}],"wp:term":[{"taxonomy":"category","embeddable":true,"href":"https:\/\/www.europesays.com\/de\/wp-json\/wp\/v2\/categories?post=661686"},{"taxonomy":"post_tag","embeddable":true,"href":"https:\/\/www.europesays.com\/de\/wp-json\/wp\/v2\/tags?post=661686"}],"curies":[{"name":"wp","href":"https:\/\/api.w.org\/{rel}","templated":true}]}}