{"id":661688,"date":"2025-12-21T08:52:16","date_gmt":"2025-12-21T08:52:16","guid":{"rendered":"https:\/\/www.europesays.com\/de\/661688\/"},"modified":"2025-12-21T08:52:16","modified_gmt":"2025-12-21T08:52:16","slug":"berlin-brandenburg-drei-tote-bei-verkehrsunfaellen-im-westen-brandenburgs","status":"publish","type":"post","link":"https:\/\/www.europesays.com\/de\/661688\/","title":{"rendered":"Berlin &#038; Brandenburg: Drei Tote bei Verkehrsunf\u00e4llen im Westen Brandenburgs"},"content":{"rendered":"<p>Berlin &amp; BrandenburgDrei Tote bei Verkehrsunf\u00e4llen im Westen Brandenburgs<img decoding=\"async\" class=\"Image_img__fQCi0 Image_Img_16_9__4BLfH\" loading=\"eager\" fetchpriority=\"high\" src=\"https:\/\/www.europesays.com\/de\/wp-content\/uploads\/2025\/12\/Zwei-schwere-Unfaelle-im-Westen-Brandenburgs-haben-drei-Menschen-das-Leben-gekostet.webp.webp\" alt=\"Zwei-schwere-Unfaelle-im-Westen-Brandenburgs-haben-drei-Menschen-das-Leben-gekostet\"\/>TeilenFolgen auf:<a href=\"https:\/\/www.whatsapp.com\/channel\/0029Va5cdVJD8SDp5YZgYF01\" title=\"Auf WhatsApp folgen\" target=\"_blank\" rel=\"noopener\"><img decoding=\"async\" src=\"https:\/\/www.n-tv.de\/socialIcons\/whatsapp.svg\" alt=\"whatsapp\" class=\"ArticleShare_icon__FsrC2\"\/><\/a><a href=\"https:\/\/news.google.com\/publications\/CAAiEPMdif5mpRNxiLOeUpHCwwsqFAgKIhDzHYn-ZqUTcYiznlKRwsML?hl=de&amp;gl=DE&amp;ceid=DE%3Ade\" title=\"Auf Google News folgen\" target=\"_blank\" rel=\"noopener\"><img decoding=\"async\" src=\"https:\/\/www.n-tv.de\/socialIcons\/google.svg\" alt=\"whatsapp\" class=\"ArticleShare_icon__FsrC2\"\/><\/a><\/p>\n<p class=\"Typography_text-m__XI0da Typography_weight-bold__uT6mq storyline_lead_text_leadtext__q_wg8\">Schwere Crashs, vergebliche Rettungsversuche und gesperrte Stra\u00dfen: In Brandenburg enden zwei Unf\u00e4lle mit drei Toten.<\/p>\n<p class=\"Typography_text-default__P3otY Typography_weight-normal__pqUbH storyline_paragraph_p__qSR5N\">Ludwigsfelde\/Brieselang (dpa\/bb) &#8211; Im Westen Brandenburgs sind bei zwei schweren Verkehrsunf\u00e4llen zwei Frauen und ein Mann ums Leben gekommen.<\/p>\n<p class=\"Typography_text-default__P3otY Typography_weight-normal__pqUbH storyline_paragraph_p__qSR5N\">Auf der Landstra\u00dfe zwischen Ludwigsfelde und Wietstock (Kreis Teltow-Fl\u00e4ming) stie\u00dfen am Samstagnachmittag zwei Autos frontal zusammen. Nach bisherigen Erkenntnissen kam ein 47 Jahre alter Fahrer nach links in den Gegenverkehr. Dort prallte er auf einen Wagen, in dem nach Polizeiangaben drei Frauen im Alter von 84, 63 und 60 Jahren sa\u00dfen. Trotz des Einsatzes von Ersthelfern und des Rettungsdienstes seien zwei Frauen an der Unfallstelle gestorben. Die Fahrerin kam in ein Krankenhaus. Auch der Autofahrer, der mit seinem Pkw auf die Gegenfahrbahn geriet, musste in einer Klinik behandelt werden. Die Stra\u00dfe war rund sechs Stunden lang gesperrt.<\/p>\n<p class=\"Typography_text-default__P3otY Typography_weight-normal__pqUbH storyline_paragraph_p__qSR5N\">Bei Brieselang im Kreis Havelland verungl\u00fcckte am Samstagabend ein 92-j\u00e4hriger Mann bei einem Verkehrsunfall t\u00f6dlich, wie die Polizeidirektion West mitteilte. Der Senior kam mit dem Auto in den Gegenverkehr und kollidierte mit zwei Fahrzeugen. Ein Autofahrer sei leicht verletzt worden.<\/p>\n<p class=\"Typography_text-s__wu_cm Typography_weight-normal__pqUbH Typography_color-darkgrey__sZEnP article-detail-footer_source__KslPc\">Quelle: dpa<\/p>\n","protected":false},"excerpt":{"rendered":"Berlin &amp; BrandenburgDrei Tote bei Verkehrsunf\u00e4llen im Westen BrandenburgsTeilenFolgen auf: Schwere Crashs, vergebliche Rettungsversuche und gesperrte Stra\u00dfen: In&hellip;\n","protected":false},"author":2,"featured_media":661689,"comment_status":"","ping_status":"","sticky":false,"template":"","format":"standard","meta":{"footnotes":""},"categories":[1816],"tags":[1960,1958,1959,1957,1956,1890,29,30],"class_list":{"0":"post-661688","1":"post","2":"type-post","3":"status-publish","4":"format-standard","5":"has-post-thumbnail","7":"category-brandenburg","8":"tag-aktuelle-nachrichten-aus-berlin-und-brandenburg","9":"tag-aktuelle-nachrichten-aus-brandenburg","10":"tag-aktuelle-news-aus-berlin-und-brandenburg","11":"tag-aktuelle-news-aus-brandenburg","12":"tag-berlin-und-brandenburg","13":"tag-brandenburg","14":"tag-deutschland","15":"tag-germany"},"share_on_mastodon":{"url":"https:\/\/pubeurope.com\/@de\/115756712911129571","error":""},"_links":{"self":[{"href":"https:\/\/www.europesays.com\/de\/wp-json\/wp\/v2\/posts\/661688","targetHints":{"allow":["GET"]}}],"collection":[{"href":"https:\/\/www.europesays.com\/de\/wp-json\/wp\/v2\/posts"}],"about":[{"href":"https:\/\/www.europesays.com\/de\/wp-json\/wp\/v2\/types\/post"}],"author":[{"embeddable":true,"href":"https:\/\/www.europesays.com\/de\/wp-json\/wp\/v2\/users\/2"}],"replies":[{"embeddable":true,"href":"https:\/\/www.europesays.com\/de\/wp-json\/wp\/v2\/comments?post=661688"}],"version-history":[{"count":0,"href":"https:\/\/www.europesays.com\/de\/wp-json\/wp\/v2\/posts\/661688\/revisions"}],"wp:featuredmedia":[{"embeddable":true,"href":"https:\/\/www.europesays.com\/de\/wp-json\/wp\/v2\/media\/661689"}],"wp:attachment":[{"href":"https:\/\/www.europesays.com\/de\/wp-json\/wp\/v2\/media?parent=661688"}],"wp:term":[{"taxonomy":"category","embeddable":true,"href":"https:\/\/www.europesays.com\/de\/wp-json\/wp\/v2\/categories?post=661688"},{"taxonomy":"post_tag","embeddable":true,"href":"https:\/\/www.europesays.com\/de\/wp-json\/wp\/v2\/tags?post=661688"}],"curies":[{"name":"wp","href":"https:\/\/api.w.org\/{rel}","templated":true}]}}