{"id":661711,"date":"2025-12-21T09:05:14","date_gmt":"2025-12-21T09:05:14","guid":{"rendered":"https:\/\/www.europesays.com\/de\/661711\/"},"modified":"2025-12-21T09:05:14","modified_gmt":"2025-12-21T09:05:14","slug":"wer-zeigt-biathlon-heute-live-im-tv-massenstart-in-annecy-sport","status":"publish","type":"post","link":"https:\/\/www.europesays.com\/de\/661711\/","title":{"rendered":"Wer zeigt Biathlon heute live im TV? Massenstart in Annecy | Sport"},"content":{"rendered":"<p><b>Die letzten Rennen in Annecy\/Le Grand-Bornand in Frankreich.<\/b><\/p>\n<p>An diesem Sonntag geht die dritte <a href=\"https:\/\/www.bild.de\/themen\/ereignisse\/biathlon\/sport-nachrichten-news-fotos-videos-15888784.bild.html\" class=\"text-link\" target=\"_blank\" rel=\"noopener\">Biathlon<\/a>-Station in diesem Weltcup-Winter zu Ende. Nach dem Sprint am Donnerstag und Freitag sowie der Verfolgung am Samstag gibt&#8217;s heute noch den Massenstart der Frauen &amp; M\u00e4nner. Die Rennen, die im schwedischen \u00d6stersund und \u00f6sterreichischen Hochfilzen noch nicht auf dem Plan standen und damit erstmals in dieser Saison stattfinden, k\u00f6nnen Sie live im Free-TV sehen.<\/p>\n<p>Biathlon heute: Wer zeigt den Massenstart live im TV?<\/p>\n<p>Alle Wintersport-Fans k\u00f6nnen erneut durchatmen. Der Massenstart der Frauen am Mittag sowie der der M\u00e4nner am Nachmittag werden live im Free-TV beim ZDF \u00fcbertragen. Die Frauen starten heute 12.15 Uhr, f\u00fcr die M\u00e4nner geht es 14.45 Uhr los. Alternativ k\u00f6nnen Sie das Rennen auch im Livestream vom ZDF sehen und im Live-Ticker von BILD.de verfolgen.<\/p>\n<p>Zus\u00e4tzlich bietet auch der Free-TV-Sender Eurosport den Sprint der Frauen frei empfangbar an.<\/p>\n<p>Mehr zum Thema<\/p>\n<p>DSV-Sportdirektor Felix Bitterling, der nach dem Abschluss im kommenden Fr\u00fchjahr den DSV auf eigenen Wunsch verl\u00e4sst, vor den Rennen: \u201eInsgesamt ist es bereits die f\u00fcnfte Wettkampfwoche, wenn man die Qualifikationen mit einbezieht. Der Erm\u00fcdungsfaktor spielt daher eine Rolle, nicht nur f\u00fcr uns, sondern f\u00fcr das gesamte Feld.\u201c<\/p>\n<p>Biathletin Anna Weidel (29) freut sich, erkl\u00e4rte: \u201eDie Kulisse mit dem Bergpanorama ist wundersch\u00f6n, und die franz\u00f6sischen Fans sorgen immer f\u00fcr eine gro\u00dfartige Atmosph\u00e4re.\u201c<\/p>\n<p>Sieht auch der Kollege so. Philipp Horn (31), der im Sprint \u00fcber 10 Kilometer in Hochfilzen bereits aufs Podest lief: \u201eMit Frankreich verbinde ich sowohl gute als auch weniger gute Erinnerungen.\u201c Und: \u201eDas Stadion in Le Grand-Bornand ist immer sehr voll, und die franz\u00f6sischen Fans sind einfach der Wahnsinn. Die Stimmung ist fantastisch, \u00fcberall riecht es nach K\u00e4se, und es macht jedes Mal gro\u00dfen Spa\u00df, dort zu laufen.\u201c<\/p>\n","protected":false},"excerpt":{"rendered":"Die letzten Rennen in Annecy\/Le Grand-Bornand in Frankreich. An diesem Sonntag geht die dritte Biathlon-Station in diesem Weltcup-Winter&hellip;\n","protected":false},"author":2,"featured_media":661712,"comment_status":"","ping_status":"","sticky":false,"template":"","format":"standard","meta":{"footnotes":""},"categories":[136],"tags":[862,154448,29,30,265,1927,45,864],"class_list":{"0":"post-661711","1":"post","2":"type-post","3":"status-publish","4":"format-standard","5":"has-post-thumbnail","7":"category-sport","8":"tag-biathlon","9":"tag-biathlon-ereignisse","10":"tag-deutschland","11":"tag-germany","12":"tag-sport","13":"tag-sport-standard","14":"tag-texttospeech","15":"tag-wintersport"},"share_on_mastodon":{"url":"https:\/\/pubeurope.com\/@de\/115756762650922956","error":""},"_links":{"self":[{"href":"https:\/\/www.europesays.com\/de\/wp-json\/wp\/v2\/posts\/661711","targetHints":{"allow":["GET"]}}],"collection":[{"href":"https:\/\/www.europesays.com\/de\/wp-json\/wp\/v2\/posts"}],"about":[{"href":"https:\/\/www.europesays.com\/de\/wp-json\/wp\/v2\/types\/post"}],"author":[{"embeddable":true,"href":"https:\/\/www.europesays.com\/de\/wp-json\/wp\/v2\/users\/2"}],"replies":[{"embeddable":true,"href":"https:\/\/www.europesays.com\/de\/wp-json\/wp\/v2\/comments?post=661711"}],"version-history":[{"count":0,"href":"https:\/\/www.europesays.com\/de\/wp-json\/wp\/v2\/posts\/661711\/revisions"}],"wp:featuredmedia":[{"embeddable":true,"href":"https:\/\/www.europesays.com\/de\/wp-json\/wp\/v2\/media\/661712"}],"wp:attachment":[{"href":"https:\/\/www.europesays.com\/de\/wp-json\/wp\/v2\/media?parent=661711"}],"wp:term":[{"taxonomy":"category","embeddable":true,"href":"https:\/\/www.europesays.com\/de\/wp-json\/wp\/v2\/categories?post=661711"},{"taxonomy":"post_tag","embeddable":true,"href":"https:\/\/www.europesays.com\/de\/wp-json\/wp\/v2\/tags?post=661711"}],"curies":[{"name":"wp","href":"https:\/\/api.w.org\/{rel}","templated":true}]}}