{"id":661717,"date":"2025-12-21T09:08:12","date_gmt":"2025-12-21T09:08:12","guid":{"rendered":"https:\/\/www.europesays.com\/de\/661717\/"},"modified":"2025-12-21T09:08:12","modified_gmt":"2025-12-21T09:08:12","slug":"von-der-ballerina-zur-juengsten-self-made-milliardaerin-die-karriere-der-luana-lopes-lara-29-news","status":"publish","type":"post","link":"https:\/\/www.europesays.com\/de\/661717\/","title":{"rendered":"Von der Ballerina zur j\u00fcngsten Self-Made-Milliard\u00e4rin: Die Karriere der Luana Lopes Lara (29) | News"},"content":{"rendered":"<p>Von der Ballettt\u00e4nzerin zur j\u00fcngsten Selfmade-Milliard\u00e4rin der Welt \u2013 die Geschichte von Luana Lopes Lara (29) liest sich wie ein M\u00e4rchen. Doch jetzt bedroht eine Klage ihr Imperium.<\/p>\n<p><b>BILD traf die Milliarden-Ballerina in New York. Lesen Sie mit BILDplus, warum sie eine Streberin war, was Ballett mit ihrem Erfolgsgeheimnis zu tun hat und wie sie sogar Taylor Swift abh\u00e4ngte.<\/b><\/p>\n","protected":false},"excerpt":{"rendered":"Von der Ballettt\u00e4nzerin zur j\u00fcngsten Selfmade-Milliard\u00e4rin der Welt \u2013 die Geschichte von Luana Lopes Lara (29) liest sich&hellip;\n","protected":false},"author":2,"featured_media":661718,"comment_status":"","ping_status":"","sticky":false,"template":"","format":"standard","meta":{"footnotes":""},"categories":[134],"tags":[16104,175,170,169,29,2931,30,171,174,2268,428,45,173,172,27822,64],"class_list":{"0":"post-661717","1":"post","2":"type-post","3":"status-publish","4":"format-standard","5":"has-post-thumbnail","7":"category-unternehmen-maerkte","8":"tag-ballett","9":"tag-business","10":"tag-companies","11":"tag-companies-markets","12":"tag-deutschland","13":"tag-forbes-magazine","14":"tag-germany","15":"tag-markets","16":"tag-maerkte","17":"tag-milliardaer","18":"tag-start-up","19":"tag-texttospeech","20":"tag-unternehmen","21":"tag-unternehmen-maerkte","22":"tag-unternehmer","23":"tag-usa"},"share_on_mastodon":{"url":"https:\/\/pubeurope.com\/@de\/115756774623484428","error":""},"_links":{"self":[{"href":"https:\/\/www.europesays.com\/de\/wp-json\/wp\/v2\/posts\/661717","targetHints":{"allow":["GET"]}}],"collection":[{"href":"https:\/\/www.europesays.com\/de\/wp-json\/wp\/v2\/posts"}],"about":[{"href":"https:\/\/www.europesays.com\/de\/wp-json\/wp\/v2\/types\/post"}],"author":[{"embeddable":true,"href":"https:\/\/www.europesays.com\/de\/wp-json\/wp\/v2\/users\/2"}],"replies":[{"embeddable":true,"href":"https:\/\/www.europesays.com\/de\/wp-json\/wp\/v2\/comments?post=661717"}],"version-history":[{"count":0,"href":"https:\/\/www.europesays.com\/de\/wp-json\/wp\/v2\/posts\/661717\/revisions"}],"wp:featuredmedia":[{"embeddable":true,"href":"https:\/\/www.europesays.com\/de\/wp-json\/wp\/v2\/media\/661718"}],"wp:attachment":[{"href":"https:\/\/www.europesays.com\/de\/wp-json\/wp\/v2\/media?parent=661717"}],"wp:term":[{"taxonomy":"category","embeddable":true,"href":"https:\/\/www.europesays.com\/de\/wp-json\/wp\/v2\/categories?post=661717"},{"taxonomy":"post_tag","embeddable":true,"href":"https:\/\/www.europesays.com\/de\/wp-json\/wp\/v2\/tags?post=661717"}],"curies":[{"name":"wp","href":"https:\/\/api.w.org\/{rel}","templated":true}]}}