{"id":661719,"date":"2025-12-21T09:09:16","date_gmt":"2025-12-21T09:09:16","guid":{"rendered":"https:\/\/www.europesays.com\/de\/661719\/"},"modified":"2025-12-21T09:09:16","modified_gmt":"2025-12-21T09:09:16","slug":"putin-will-mit-macron-sprechen-kreml-daempft-hoffnungen","status":"publish","type":"post","link":"https:\/\/www.europesays.com\/de\/661719\/","title":{"rendered":"Putin will mit Macron sprechen \u2013 Kreml d\u00e4mpft Hoffnungen"},"content":{"rendered":"<p>Kaum Friedenshoffnung <\/p>\n<p>Kreml: Putin will mit Macron sprechen<\/p>\n<p>21.12.2025 &#8211; 09:10 UhrLesedauer: 2 Min.<\/p>\n<p><a href=\"#focus-0\" class=\"transition-colors duration-200 block text-current relative\" data-sctrack=\"FocusGalleryImage.Reference\"><img fetchpriority=\"high\" data-testid=\"Opener.Image\" style=\"--lqipURL:url('https:\/\/images.t-online.de\/2024\/11\/LU7WGCeZUFWC\/982x367:1699x955\/fit-in\/150x0\/filters:blur(25)\/putin-r-merkel-und-frankreichs-praesident-emmanuel-macron-im-jahr-2019-in-paris.jpg')\"   loading=\"eager\" src=\"https:\/\/www.europesays.com\/de\/wp-content\/uploads\/2025\/12\/putin-r-merkel-und-frankreichs-praesident-emmanuel-macron-im-jahr-2019-in-paris.jpg\" alt=\"Putin (r.), Merkel und Frankreichs Pr\u00e4sident Emmanuel Macron im Jahr 2019 in Paris.\" title=\"Putin (r.), Merkel und Frankreichs Pr\u00e4sident Emmanuel Macron im Jahr 2019 in Paris.\" width=\"1699\" height=\"955\" class=\"bg-[url:var(--lqipURL)] bg-cover bg-center flex h-full w-full max-w-full\" decoding=\"async\"\/><img style=\"--width:32;--height:32\" loading=\"lazy\" src=\"https:\/\/www.t-online.de\/s\/paper\/_next\/static\/media\/zoom-in.f7dae02f.svg\" alt=\"Vergr\u00f6\u00dfern des Bildes\" title=\"Vergr\u00f6\u00dfern des Bildes\" class=\"block h-[calc(var(--height)_\/_16_*_1rem)] w-[calc(var(--width)_\/_16_*_1rem)] max-w-none absolute bottom-8 right-8 rounded-4 bg-snow p-8\" decoding=\"async\"\/><\/a><\/p>\n<p>Wladimir Putin und Frankreichs Pr\u00e4sident Emmanuel Macron im Jahr 2019 in Paris. (Quelle: IMAGO\/Pool\/ABACA)<\/p>\n<p class=\"font-bold text-18 leading-17\">Der russische Pr\u00e4sident f\u00fchrt seit knapp vier Jahren Krieg gegen sein Nachbarland. Jetzt erkl\u00e4rt er sich bereit, dem franz\u00f6sischen Pr\u00e4sidenten seine Sicht auf die Dinge zu erl\u00e4utern.<\/p>\n<p class=\"text-18 leading-17\">Der russische Pr\u00e4sident <a class=\"transition-colors duration-200 cursor-pointer text-inherit no-underline text-salemsfur md:hover:text-magenta md:hover:border-magenta md:focus:text-magenta border-current border-b border-solid break-words\" href=\"https:\/\/www.t-online.de\/themen\/wladimir-putin\/\" data-sctrack=\"BodyAnchor\" target=\"_blank\" rel=\"noopener\">Wladimir Putin<\/a> hat seine Bereitschaft zu Gespr\u00e4chen \u00fcber den Ukraine-Krieg mit Frankreichs Pr\u00e4sidenten <a class=\"transition-colors duration-200 cursor-pointer text-inherit no-underline text-salemsfur md:hover:text-magenta md:hover:border-magenta md:focus:text-magenta border-current border-b border-solid break-words\" href=\"https:\/\/www.t-online.de\/themen\/emmanuel-macron\/\" data-sctrack=\"BodyAnchor\" target=\"_blank\" rel=\"noopener\">Emmanuel Macron<\/a> signalisiert. Das sagte Kreml-Sprecher Dmitri Peskow in einem am Sonntag ver\u00f6ffentlichten Interview mit der staatlichen Nachrichtenagentur Ria Novosti. Voraussetzung sei allerdings, dass beide Seiten wollten.<\/p>\n<p class=\"text-18 leading-17\">&#8222;Wenn also der gegenseitige politische Wille vorhanden ist, kann dies nur positiv bewertet werden&#8220;, erkl\u00e4rte Peskow. Konkrete Pl\u00e4ne f\u00fcr ein Treffen oder ein Telefonat nannte der Kreml-Sprecher nicht.<\/p>\n<p class=\"text-18 leading-17\">Macron hatte am Freitag erkl\u00e4rt, es liege &#8222;in unserem Interesse als Europ\u00e4er und Ukrainer&#8220;, die Gespr\u00e4che mit Putin \u00fcber ein Ende des Krieges wieder aufzunehmen. Der franz\u00f6sische Pr\u00e4sident hatte sich in der Vergangenheit mehrfach um direkte Kontakte zum Kreml bem\u00fcht \u2013 auch noch kurz vor Beginn der russischen Invasion im Februar 2022.<\/p>\n<p class=\"text-18 leading-17\">Zugleich machte der Kreml deutlich, dass von m\u00f6glichen Gespr\u00e4chen keine schnellen Fortschritte zu erwarten seien. Peskow erkl\u00e4rte, ein Treffen oder Telefonat solle vor allem dem Austausch \u00fcber die jeweiligen Positionen dienen, nicht aber dazu, den Gespr\u00e4chspartner zu \u00fcberzeugen oder unter Druck zu setzen. Putin sei jederzeit bereit, die russische Sicht &#8222;aufrichtig und konsequent&#8220; darzulegen.<\/p>\n<p class=\"text-18 leading-17\">Zuletzt hatten Putin und Macron Anfang Juli dieses Jahres miteinander telefoniert. Nach Angaben des \u00c9lys\u00e9e-Palasts dr\u00e4ngte Macron damals auf eine rasche Waffenruhe und den Beginn von Verhandlungen zwischen <a class=\"transition-colors duration-200 cursor-pointer text-inherit no-underline text-salemsfur md:hover:text-magenta md:hover:border-magenta md:focus:text-magenta border-current border-b border-solid break-words\" href=\"https:\/\/www.t-online.de\/themen\/russland\/\" data-sctrack=\"BodyAnchor\" target=\"_blank\" rel=\"noopener\">Russland<\/a> und der <a class=\"transition-colors duration-200 cursor-pointer text-inherit no-underline text-salemsfur md:hover:text-magenta md:hover:border-magenta md:focus:text-magenta border-current border-b border-solid break-words\" href=\"https:\/\/www.t-online.de\/themen\/ukraine\/\" data-sctrack=\"BodyAnchor\" target=\"_blank\" rel=\"noopener\">Ukraine<\/a>. Der Kreml erkl\u00e4rte anschlie\u00dfend, Putin habe auf der Anerkennung russisch besetzter Gebiete als russisches Staatsgebiet bestanden. <a class=\"transition-colors duration-200 cursor-pointer text-inherit no-underline text-salemsfur md:hover:text-magenta md:hover:border-magenta md:focus:text-magenta border-current border-b border-solid break-words\" href=\"https:\/\/www.t-online.de\/themen\/moskau\/\" data-sctrack=\"BodyAnchor\" target=\"_blank\" rel=\"noopener\">Moskau<\/a> hat mehrere ukrainische Regionen annektiert, kontrolliert diese aber nicht vollst\u00e4ndig.<\/p>\n<p class=\"text-18 leading-17\">Parallel zu Macrons Vorsto\u00df laufen weitere diplomatische Bem\u00fchungen au\u00dferhalb Europas. Die Staats- und Regierungschefs der Europ\u00e4ischen Union hatten am Freitag bei ihrem Gipfel beschlossen, der Ukraine einen Kredit in H\u00f6he von 90 Milliarden Euro zu gew\u00e4hren, um drohende Haushaltsl\u00fccken zu schlie\u00dfen. Uneinigkeit herrschte hingegen dar\u00fcber, eingefrorene russische Verm\u00f6genswerte zur Finanzierung heranzuziehen.<\/p>\n<p class=\"text-18 leading-17\">Unabh\u00e4ngig davon verhandeln in den <a class=\"transition-colors duration-200 cursor-pointer text-inherit no-underline text-salemsfur md:hover:text-magenta md:hover:border-magenta md:focus:text-magenta border-current border-b border-solid break-words\" href=\"https:\/\/www.t-online.de\/themen\/usa\/\" data-sctrack=\"BodyAnchor\" target=\"_blank\" rel=\"noopener\">USA<\/a> Vertreter Russlands und der Vereinigten Staaten \u00fcber m\u00f6gliche Wege zu einer Beendigung des Krieges. In Miami laufen Gespr\u00e4che zwischen russischen Unterh\u00e4ndlern und der US-Seite, die Moskau als konstruktiv bezeichnete. <a class=\"transition-colors duration-200 cursor-pointer text-inherit no-underline text-salemsfur md:hover:text-magenta md:hover:border-magenta md:focus:text-magenta border-current border-b border-solid break-words\" href=\"https:\/\/www.t-online.de\/themen\/washington\/\" data-sctrack=\"BodyAnchor\" target=\"_blank\" rel=\"noopener\">Washington<\/a> dr\u00e4ngte wohl darauf, Vertreter der USA, Russlands und der Ukraine erstmals seit Monaten wieder an einen Tisch zu bringen. Ob und wann es zu einem solchen trilateralen Treffen kommt, ist jedoch offen.<\/p>\n","protected":false},"excerpt":{"rendered":"Kaum Friedenshoffnung Kreml: Putin will mit Macron sprechen 21.12.2025 &#8211; 09:10 UhrLesedauer: 2 Min. Wladimir Putin und Frankreichs&hellip;\n","protected":false},"author":2,"featured_media":661720,"comment_status":"","ping_status":"","sticky":false,"template":"","format":"standard","meta":{"footnotes":""},"categories":[3],"tags":[326,522,8331,1356,156,154450,13,5020,3083,17580,20204,14,15,319,38210,307,12,10,8,9,11,317,312,103,306,104],"class_list":{"0":"post-661719","1":"post","2":"type-post","3":"status-publish","4":"format-standard","5":"has-post-thumbnail","7":"category-welt","8":"tag-326","9":"tag-522","10":"tag-dmitri-peskow","11":"tag-emmanuel-macron","12":"tag-frankreich","13":"tag-friedenshoffnung","14":"tag-headlines","15":"tag-kreml","16":"tag-krim","17":"tag-miami","18":"tag-nachbarland","19":"tag-nachrichten","20":"tag-news","21":"tag-paris","22":"tag-ria-novosti","23":"tag-russland","24":"tag-schlagzeilen","25":"tag-top-news","26":"tag-top-meldungen","27":"tag-topmeldungen","28":"tag-topnews","29":"tag-ukraine","30":"tag-ukrainekrieg","31":"tag-welt","32":"tag-wladimir-putin","33":"tag-world"},"share_on_mastodon":{"url":"https:\/\/pubeurope.com\/@de\/115756780296515425","error":""},"_links":{"self":[{"href":"https:\/\/www.europesays.com\/de\/wp-json\/wp\/v2\/posts\/661719","targetHints":{"allow":["GET"]}}],"collection":[{"href":"https:\/\/www.europesays.com\/de\/wp-json\/wp\/v2\/posts"}],"about":[{"href":"https:\/\/www.europesays.com\/de\/wp-json\/wp\/v2\/types\/post"}],"author":[{"embeddable":true,"href":"https:\/\/www.europesays.com\/de\/wp-json\/wp\/v2\/users\/2"}],"replies":[{"embeddable":true,"href":"https:\/\/www.europesays.com\/de\/wp-json\/wp\/v2\/comments?post=661719"}],"version-history":[{"count":0,"href":"https:\/\/www.europesays.com\/de\/wp-json\/wp\/v2\/posts\/661719\/revisions"}],"wp:featuredmedia":[{"embeddable":true,"href":"https:\/\/www.europesays.com\/de\/wp-json\/wp\/v2\/media\/661720"}],"wp:attachment":[{"href":"https:\/\/www.europesays.com\/de\/wp-json\/wp\/v2\/media?parent=661719"}],"wp:term":[{"taxonomy":"category","embeddable":true,"href":"https:\/\/www.europesays.com\/de\/wp-json\/wp\/v2\/categories?post=661719"},{"taxonomy":"post_tag","embeddable":true,"href":"https:\/\/www.europesays.com\/de\/wp-json\/wp\/v2\/tags?post=661719"}],"curies":[{"name":"wp","href":"https:\/\/api.w.org\/{rel}","templated":true}]}}