{"id":661721,"date":"2025-12-21T09:10:13","date_gmt":"2025-12-21T09:10:13","guid":{"rendered":"https:\/\/www.europesays.com\/de\/661721\/"},"modified":"2025-12-21T09:10:13","modified_gmt":"2025-12-21T09:10:13","slug":"altersarmut-mehr-rentner-auf-grundsicherung-angewiesen-als-je-zuvor","status":"publish","type":"post","link":"https:\/\/www.europesays.com\/de\/661721\/","title":{"rendered":"Altersarmut: Mehr Rentner auf Grundsicherung angewiesen als je zuvor"},"content":{"rendered":"<p class=\"paragraph article__item\">Die Zahl der Rentnerinnen und Rentner in Deutschland, die neben der <a href=\"https:\/\/www.zeit.de\/thema\/rente\" class=\"\" target=\"_blank\" rel=\"noopener\">Rente<\/a> auf Sozialhilfe angewiesen sind, ist erneut gestiegen. Ende September bezogen rund 755.300 Menschen die sogenannte Grundsicherung im Alter. Das sind 6.000 mehr als noch Ende Juni. Dieser Anstieg geht aus Zahlen des <a href=\"https:\/\/www.zeit.de\/thema\/statistisches-bundesamt\" class=\"\" target=\"_blank\" rel=\"noopener\">Statistischen Bundesamtes<\/a> hervor, die das <a href=\"https:\/\/www.zeit.de\/thema\/buendnis-sahra-wagenknecht\" class=\"\" target=\"_blank\" rel=\"noopener\">BSW<\/a> erfragte. Das seien so viele wie nie zuvor.\u00a0\u00a0\n<\/p>\n<p class=\"paragraph article__item\">Laut dem Statistischen Bundesamt stieg die Zahl der Seniorinnen und Senioren in der Grundsicherung binnen eines Jahres um 25.000. Dabei sind Frauen h\u00e4ufiger betroffen als M\u00e4nner. Sie machen rund 57 Prozent aus.\u00a0\n<\/p>\n<p class=\"paragraph article__item\">BSW-Chefin <a href=\"https:\/\/www.zeit.de\/thema\/sahra-wagenknecht\" class=\"\" target=\"_blank\" rel=\"noopener\">Sahra Wagenknecht<\/a> bezeichnete den Anstieg als Skandal. <a href=\"https:\/\/www.zeit.de\/thema\/altersarmut\" class=\"\" target=\"_blank\" rel=\"noopener\">Altersarmut<\/a> sei bereits ein &#8222;Megaproblem&#8220;. Ihre Partei schlage ein Rentenpaket &#8222;mit einer Rentenerh\u00f6hung, Abgabensenkung und Steuerfreiheit von Renten bis 2.000 Euro&#8220; vor, sagte Wagenknecht. Damit w\u00fcrden die Renten netto f\u00fcr alle Rentnerinnen und Rentner im Schnitt um rund 200 Euro im Monat steigen. Gegenfinanziert werden solle dies \u00fcber Einsparungen bei den &#8222;in den letzten Jahren gewaltig aufgebl\u00e4hten R\u00fcstungsausgaben&#8220;.\u00a0\n<\/p>\n<p class=\"paragraph article__item\">Einen Anspruch auf Grundsicherung im Alter haben<br \/>\nMenschen, die \u00e4lter als 67 Jahre sind und deren <a class=\"rtr-entity\" href=\"https:\/\/www.zeit.de\/thema\/rente\" target=\"_blank\" rel=\"noopener\">Rente<\/a> nicht f\u00fcr ihren<br \/>\nLebensunterhalt reicht. In den vergangenen vier Jahren stieg die Anzahl der Menschen, auf die das zutrifft, laut Statistikamt um 30<br \/>\nProzent. Im September 2021 bezogen noch rund 580.000 Menschen<br \/>\nGrundsicherung im Alter.\n<\/p>\n<p>            Armut in Deutschland        <\/p>\n<p>Mehr zum Thema<\/p>\n<p>                <a href=\"https:\/\/www.zeit.de\/gesellschaft\/2025-10\/leben-armut-gefuehle-psychologie-stress\" data-ct-label=\"Leben in Armut: &quot;Fr\u00fcher hatte ich ein Auto, einen Bausparvertrag und Erspartes&quot;\" target=\"_blank\" rel=\"noopener\"><\/p>\n<p>        Z+ (abopflichtiger Inhalt);<\/p>\n<p>    Leben in Armut:<br \/>\n                        &#8222;Fr\u00fcher hatte ich ein Auto, einen Bausparvertrag und Erspartes&#8220;<\/p>\n<p>                <\/a><\/p>\n<p>                <a href=\"https:\/\/www.zeit.de\/wirtschaft\/2025-10\/armut-reichtum-bericht-mittelklasse-ungleichheit-vermoegen\" data-ct-label=\"Armuts- und Reichtumsbericht: Immerschlimmeritis\" target=\"_blank\" rel=\"noopener\"><\/p>\n<p>        Z+ (abopflichtiger Inhalt);<\/p>\n<p>    Armuts- und Reichtumsbericht:<br \/>\n                        Immerschlimmeritis<\/p>\n<p>                <\/a><\/p>\n<p>                <a href=\"https:\/\/www.zeit.de\/arbeit\/2025-08\/armut-arbeit-arbeitsmoral-geringverdiener-friedrich-merz\" data-ct-label=\"Armut trotz Arbeit: &quot;Wie hart soll ich denn noch arbeiten?&quot;\" target=\"_blank\" rel=\"noopener\"><\/p>\n<p>                        Armut trotz Arbeit:<br \/>\n                        &#8222;Wie hart soll ich denn noch arbeiten?&#8220;<\/p>\n<p>                <\/a><\/p>\n","protected":false},"excerpt":{"rendered":"Die Zahl der Rentnerinnen und Rentner in Deutschland, die neben der Rente auf Sozialhilfe angewiesen sind, ist erneut&hellip;\n","protected":false},"author":2,"featured_media":661722,"comment_status":"","ping_status":"","sticky":false,"template":"","format":"standard","meta":{"footnotes":""},"categories":[2],"tags":[2211,1165,154451,29,3236,30,1724,13,14,15,379,12,6583,6620,10,8,9,11],"class_list":{"0":"post-661721","1":"post","2":"type-post","3":"status-publish","4":"format-standard","5":"has-post-thumbnail","7":"category-deutschland","8":"tag-altersarmut","9":"tag-armut","10":"tag-armutsrisiko","11":"tag-deutschland","12":"tag-frauen","13":"tag-germany","14":"tag-gesellschaft","15":"tag-headlines","16":"tag-nachrichten","17":"tag-news","18":"tag-rente","19":"tag-schlagzeilen","20":"tag-senioren","21":"tag-sozialpolitik","22":"tag-top-news","23":"tag-top-meldungen","24":"tag-topmeldungen","25":"tag-topnews"},"share_on_mastodon":{"url":"https:\/\/pubeurope.com\/@de\/115756782259542474","error":""},"_links":{"self":[{"href":"https:\/\/www.europesays.com\/de\/wp-json\/wp\/v2\/posts\/661721","targetHints":{"allow":["GET"]}}],"collection":[{"href":"https:\/\/www.europesays.com\/de\/wp-json\/wp\/v2\/posts"}],"about":[{"href":"https:\/\/www.europesays.com\/de\/wp-json\/wp\/v2\/types\/post"}],"author":[{"embeddable":true,"href":"https:\/\/www.europesays.com\/de\/wp-json\/wp\/v2\/users\/2"}],"replies":[{"embeddable":true,"href":"https:\/\/www.europesays.com\/de\/wp-json\/wp\/v2\/comments?post=661721"}],"version-history":[{"count":0,"href":"https:\/\/www.europesays.com\/de\/wp-json\/wp\/v2\/posts\/661721\/revisions"}],"wp:featuredmedia":[{"embeddable":true,"href":"https:\/\/www.europesays.com\/de\/wp-json\/wp\/v2\/media\/661722"}],"wp:attachment":[{"href":"https:\/\/www.europesays.com\/de\/wp-json\/wp\/v2\/media?parent=661721"}],"wp:term":[{"taxonomy":"category","embeddable":true,"href":"https:\/\/www.europesays.com\/de\/wp-json\/wp\/v2\/categories?post=661721"},{"taxonomy":"post_tag","embeddable":true,"href":"https:\/\/www.europesays.com\/de\/wp-json\/wp\/v2\/tags?post=661721"}],"curies":[{"name":"wp","href":"https:\/\/api.w.org\/{rel}","templated":true}]}}