{"id":661723,"date":"2025-12-21T09:11:16","date_gmt":"2025-12-21T09:11:16","guid":{"rendered":"https:\/\/www.europesays.com\/de\/661723\/"},"modified":"2025-12-21T09:11:16","modified_gmt":"2025-12-21T09:11:16","slug":"flug-ins-all-raketenstart-mit-michi-benthaus-war-erfolgreich","status":"publish","type":"post","link":"https:\/\/www.europesays.com\/de\/661723\/","title":{"rendered":"Flug ins All: Raketenstart mit Michi Benthaus war erfolgreich"},"content":{"rendered":"<p>        <img decoding=\"async\" src=\"https:\/\/www.europesays.com\/de\/wp-content\/uploads\/2025\/12\/benthaus-100.webp\" alt=\"Ingenieurin Benthaus auf dem Raketenstartgel\u00e4nde von Blue Origin in Texas.\" title=\"Ingenieurin Benthaus auf dem Raketenstartgel\u00e4nde von Blue Origin in Texas. | Blue Origin\" class=\"responsive\"\/><\/p>\n<p>AUDIO: Nachrichten 16:00 Uhr &#8211; 20.12.2025 (3 Min)<\/p>\n<p>\n                Stand: 20.12.2025 16:07 Uhr<\/p>\n<p class=\"preface\">Seit einem Unfall ist Michaela Benthaus auf einen Rollstuhl angewiesen. Als erster Mensch mit Querschnittsl\u00e4hmung ist die geb\u00fcrtige Kielerin jetzt ins All geflogen. Der Ausflug dauerte etwa elf Minuten.<\/p>\n<p class=\"\">Als erster Mensch mit Querschnittsl\u00e4hmung ist Michaela &#8222;Michi&#8220; Benthaus am Sonnabend ins All geflogen. Der Flug dauerte nur etwa elf Minuten, dann landete die Kapsel wieder am Weltraumbahnhof\u00a0Van Horn\u00a0in der W\u00fcste von\u00a0West-Texas, USA. Die Rakete &#8222;New Shepard NS-37&#8220; geh\u00f6rt zum Raumfahrtunternehmen &#8222;Blue Origin&#8220; von Amazon-Gr\u00fcnder Jeff Bezos. An Bord waren neben Benthaus &#8211;\u00a0die geb\u00fcrtige Kielerin ist &#8211; der fr\u00fchere Raumfahrt-Ingenieur Hans K\u00f6nigsmann sowie vier US-Unternehmer.<\/p>\n<p>    Flug ins All wurde zuvor verschoben<\/p>\n<p class=\"\">Am Donnerstagabend war ein erster Flugversuch der Mission NS-37 wegen eines &#8222;Problems mit den integrierten Kontrollmechanismen&#8220; abgebrochen worden. Urspr\u00fcnglich sollte die Rakete am Donnerstag um 15.30 Uhr abheben &#8211; doch der Start wurde zun\u00e4chst mehrfach aufgeschoben und schlie\u00dflich gegen 18 Uhr gecancelt.<\/p>\n<p>    F\u00fcr mehr Barrierefreiheit im Weltraum und auf der Erde<\/p>\n<p class=\"\">Die geb\u00fcrtige <a href=\"https:\/\/www.ndr.de\/nachrichten\/schleswig-holstein\/Kiel-Aktuelle-Nachrichten-News-und-Videos,kiel7262.html\" title=\"Kiel - Aktuelle Nachrichten und Videos\" rel=\"nofollow noopener\" target=\"_blank\">Kielerin<\/a> studierte in Linz und M\u00fcnchen. Mittlerweile ist sie Raumfahrtingenieurin und arbeitet bei der europ\u00e4ischen Weltraumorganisation ESA in den Niederlanden. Ihr Wunsch ist es, die Erde und auch das All f\u00fcr alle grenzenloser zu machen.<\/p>\n<p class=\"\">Benthaus setzt sich daf\u00fcr ein, dass die bemannte Raumfahrt barrierefreier wird. Sie wollte die Erde nach eigenen Angaben n\u00e4mlich auch gerne einmal von oben sehen und selbst als Astronautin an Missionen teilnehmen.<\/p>\n<p>    Freie Bewegung in der Schwerelosigkeit<\/p>\n<p class=\"\">2022 war sie zum ersten Mal schwerelos, nahm an einem sogenannten Parabelflug teil. Dabei fliegt ein Flugzeug sehr steil nach oben und wieder herab. Dabei entsteht f\u00fcr knapp 20 Sekunden eine Schwerelosigkeit im Flugzeug<\/p>\n<blockquote><p>\n        Einerseits habe ich keine Kontrolle \u00fcber meine Beine. Die machen so ein bisschen, was sie wollen. Aber andererseits ist es auch total cool, sich wieder so frei bewegen zu k\u00f6nnen.<\/p>\n<p>                Michaela Benthaus \u00fcber die Schwerelosigkeit<\/p>\n<\/blockquote>\n<p>    Arbeit auf der Raumstation braucht besondere L\u00f6sungen<\/p>\n<p>                    <a href=\"https:\/\/www.europesays.com\/de\/wp-content\/uploads\/2025\/12\/benthaus-100.webp\" class=\"zoomimage\" title=\"Bild vergr\u00f6\u00dfern\"><\/p>\n<p>        <img decoding=\"async\" src=\"https:\/\/www.europesays.com\/de\/wp-content\/uploads\/2025\/12\/benthaus-100.webp\" alt=\"Ingenieurin Benthaus auf dem Raketenstartgel\u00e4nde von Blue Origin in Texas.\" title=\"Benthaus setzt sie sich daf\u00fcr ein, dass die bemannte Raumfahrt barrierefreier wird. | Blue Origin\" class=\"responsive\" loading=\"lazy\"\/><\/p>\n<p>                    <\/a><\/p>\n<p>                    Benthaus setzt sie sich daf\u00fcr ein, dass die bemannte Raumfahrt barrierefreier wird.<\/p>\n<p class=\"\">Doch bei Schwerelosigkeit st\u00f6\u00dft man im Weltraum auch auf gewisse Probleme: Wie kann man Dusche und Toilette am besten benutzen? Au\u00dferdem arbeiten bei l\u00e4ngeren Aufenthalten die Astronauten in den Raumstationen, in dem sie sich mit ihren F\u00fc\u00dfen in Schienen einhaken. Das geht bei Benthaus nicht so einfach. Die Raumfahrtingenieurin muss sich irgendwie anders stabilisieren. Festhalten geht nicht, denn die Arme ben\u00f6tigt sie ja zum Arbeiten. Da mussten spezielle L\u00f6sungen her.<\/p>\n<p>    Kritik: Weltraumtourismus f\u00fcr Superreiche<\/p>\n<p class=\"\">Zu den Kosten f\u00fcr ein Ticket \u00e4u\u00dfert sich das Unternehmen &#8222;Blue Origin&#8220; nicht. Die Kurztripps ins All stehen etwa wegen der negativen Auswirkungen aufs Klima in der Kritik und werden oft als &#8222;Weltraumtourismus f\u00fcr Superreiche&#8220; bezeichnet. &#8222;Ich sehe meinen Flug \u00fcberhaupt nicht als Touristenflug, weil wir eben ja schon Wissenschaft machen&#8220;, sagt Benthaus dazu. &#8222;Die Leute denken immer, man muss in dem Flug selber ein Experiment machen, aber in meinem Fall bin ich ja das Experiment und wir versuchen, etwas voranzutreiben und Grenzen zu verschieben.&#8220;<\/p>\n<p>        <img decoding=\"async\" src=\"https:\/\/www.europesays.com\/de\/wp-content\/uploads\/2025\/12\/rollstuhlfahrerin-110.webp\" alt=\"...\" title=\"... | NDR\" class=\"responsive\" loading=\"lazy\"\/><\/p>\n<p>Mit einem etwa 15-min\u00fctigen Flug m\u00f6chte sie auf mehr Barrierefreiheit auf der Erde und im Weltraum aufmerksam machen.<\/p>\n","protected":false},"excerpt":{"rendered":"AUDIO: Nachrichten 16:00 Uhr &#8211; 20.12.2025 (3 Min) Stand: 20.12.2025 16:07 Uhr Seit einem Unfall ist Michaela Benthaus&hellip;\n","protected":false},"author":2,"featured_media":661724,"comment_status":"","ping_status":"","sticky":false,"template":"","format":"standard","meta":{"footnotes":""},"categories":[5],"tags":[14794,153549,18384,13,4949,8909,20598,153548,14,15,153550,16035,12,10,8,9,11,1172],"class_list":{"0":"post-661723","1":"post","2":"type-post","3":"status-publish","4":"format-standard","5":"has-post-thumbnail","7":"category-nachrichten","8":"tag-all","9":"tag-benzos","10":"tag-blue-origin","11":"tag-headlines","12":"tag-kiel","13":"tag-luft-und-raumfahrt","14":"tag-menschen-mit-behinderung","15":"tag-michi-benthaus","16":"tag-nachrichten","17":"tag-news","18":"tag-ns-37-mission","19":"tag-rollstuhlfahrerin","20":"tag-schlagzeilen","21":"tag-top-news","22":"tag-top-meldungen","23":"tag-topmeldungen","24":"tag-topnews","25":"tag-weltraum"},"share_on_mastodon":{"url":"","error":""},"_links":{"self":[{"href":"https:\/\/www.europesays.com\/de\/wp-json\/wp\/v2\/posts\/661723","targetHints":{"allow":["GET"]}}],"collection":[{"href":"https:\/\/www.europesays.com\/de\/wp-json\/wp\/v2\/posts"}],"about":[{"href":"https:\/\/www.europesays.com\/de\/wp-json\/wp\/v2\/types\/post"}],"author":[{"embeddable":true,"href":"https:\/\/www.europesays.com\/de\/wp-json\/wp\/v2\/users\/2"}],"replies":[{"embeddable":true,"href":"https:\/\/www.europesays.com\/de\/wp-json\/wp\/v2\/comments?post=661723"}],"version-history":[{"count":0,"href":"https:\/\/www.europesays.com\/de\/wp-json\/wp\/v2\/posts\/661723\/revisions"}],"wp:featuredmedia":[{"embeddable":true,"href":"https:\/\/www.europesays.com\/de\/wp-json\/wp\/v2\/media\/661724"}],"wp:attachment":[{"href":"https:\/\/www.europesays.com\/de\/wp-json\/wp\/v2\/media?parent=661723"}],"wp:term":[{"taxonomy":"category","embeddable":true,"href":"https:\/\/www.europesays.com\/de\/wp-json\/wp\/v2\/categories?post=661723"},{"taxonomy":"post_tag","embeddable":true,"href":"https:\/\/www.europesays.com\/de\/wp-json\/wp\/v2\/tags?post=661723"}],"curies":[{"name":"wp","href":"https:\/\/api.w.org\/{rel}","templated":true}]}}