{"id":661738,"date":"2025-12-21T09:20:24","date_gmt":"2025-12-21T09:20:24","guid":{"rendered":"https:\/\/www.europesays.com\/de\/661738\/"},"modified":"2025-12-21T09:20:24","modified_gmt":"2025-12-21T09:20:24","slug":"34-jaehriger-mainzer-mit-pistole-bedroht-und-ausgeraubt","status":"publish","type":"post","link":"https:\/\/www.europesays.com\/de\/661738\/","title":{"rendered":"34-j\u00e4hriger Mainzer mit Pistole bedroht und ausgeraubt"},"content":{"rendered":"<p class=\"paragraph --regular --color\" data-v-7b2e5916=\"\" data-v-0c32301e=\"\">Fahndungsma\u00dfnahmen der Polizei verliefen zun\u00e4chst ohne Erfolg. Alle drei T\u00e4ter wurden als cirka 20 Jahre alt, mit arabischem Ph\u00e4notyp beschrieben. Die erste Person war etwa 1,65 m bis 1,70 m gro\u00df, trug kurze schwarze Haare und war bekleidet mit einer schwarzen Bomberjacke mit wei\u00dfen Streifen vorne sowie einer blauen Jeans. Diese Person f\u00fchrte auch die Pistole mit sich. Die beiden anderen T\u00e4ter waren ebenfalls mit schwarzen Bomberjacken und blauen Jeans bekleidet und waren beide etwa 1,85 m gro\u00df. Zeugenhinweise nimmt die Polizei unter der 0611-3450 entgegen.<\/p>\n","protected":false},"excerpt":{"rendered":"Fahndungsma\u00dfnahmen der Polizei verliefen zun\u00e4chst ohne Erfolg. Alle drei T\u00e4ter wurden als cirka 20 Jahre alt, mit arabischem&hellip;\n","protected":false},"author":2,"featured_media":661739,"comment_status":"","ping_status":"","sticky":false,"template":"","format":"standard","meta":{"footnotes":""},"categories":[1847],"tags":[3364,29,548,663,3934,30,13,2052,11188,14,15,10236,11189,12,11190,4544],"class_list":{"0":"post-661738","1":"post","2":"type-post","3":"status-publish","4":"format-standard","5":"has-post-thumbnail","7":"category-wiesbaden","8":"tag-de","9":"tag-deutschland","10":"tag-eu","11":"tag-europa","12":"tag-europe","13":"tag-germany","14":"tag-headlines","15":"tag-hessen","16":"tag-main-taunus","17":"tag-nachrichten","18":"tag-news","19":"tag-rhein-main","20":"tag-rheingau","21":"tag-schlagzeilen","22":"tag-untertaunus","23":"tag-wiesbaden"},"share_on_mastodon":{"url":"https:\/\/pubeurope.com\/@de\/115756821820155865","error":""},"_links":{"self":[{"href":"https:\/\/www.europesays.com\/de\/wp-json\/wp\/v2\/posts\/661738","targetHints":{"allow":["GET"]}}],"collection":[{"href":"https:\/\/www.europesays.com\/de\/wp-json\/wp\/v2\/posts"}],"about":[{"href":"https:\/\/www.europesays.com\/de\/wp-json\/wp\/v2\/types\/post"}],"author":[{"embeddable":true,"href":"https:\/\/www.europesays.com\/de\/wp-json\/wp\/v2\/users\/2"}],"replies":[{"embeddable":true,"href":"https:\/\/www.europesays.com\/de\/wp-json\/wp\/v2\/comments?post=661738"}],"version-history":[{"count":0,"href":"https:\/\/www.europesays.com\/de\/wp-json\/wp\/v2\/posts\/661738\/revisions"}],"wp:featuredmedia":[{"embeddable":true,"href":"https:\/\/www.europesays.com\/de\/wp-json\/wp\/v2\/media\/661739"}],"wp:attachment":[{"href":"https:\/\/www.europesays.com\/de\/wp-json\/wp\/v2\/media?parent=661738"}],"wp:term":[{"taxonomy":"category","embeddable":true,"href":"https:\/\/www.europesays.com\/de\/wp-json\/wp\/v2\/categories?post=661738"},{"taxonomy":"post_tag","embeddable":true,"href":"https:\/\/www.europesays.com\/de\/wp-json\/wp\/v2\/tags?post=661738"}],"curies":[{"name":"wp","href":"https:\/\/api.w.org\/{rel}","templated":true}]}}