{"id":661741,"date":"2025-12-21T09:22:13","date_gmt":"2025-12-21T09:22:13","guid":{"rendered":"https:\/\/www.europesays.com\/de\/661741\/"},"modified":"2025-12-21T09:22:13","modified_gmt":"2025-12-21T09:22:13","slug":"pol-ma-heidelberg-gefaehrliche-koerperverletzung-in-der-heidelberger-altstadt","status":"publish","type":"post","link":"https:\/\/www.europesays.com\/de\/661741\/","title":{"rendered":"POL-MA: Heidelberg: Gef\u00e4hrliche K\u00f6rperverletzung in der Heidelberger Altstadt &#8211; &#8230;"},"content":{"rendered":"<p class=\"date\">21.12.2025 \u2013 09:40<\/p>\n<p class=\"customer\">\n                        <a class=\"story-customer\" title=\"weiter zum newsroom von Polizeipr\u00e4sidium Mannheim\" href=\"https:\/\/www.presseportal.de\/blaulicht\/nr\/14915\" rel=\"nofollow noopener\" target=\"_blank\">Polizeipr\u00e4sidium Mannheim<\/a>\n                    <\/p>\n<p><a data-category=\"citylink-story-view\" data-action=\"click\" data-label=\"Citylink in Meldungsansicht\" class=\"story-city event-trigger\" href=\"https:\/\/www.presseportal.de\/regional\/Heidelberg\" title=\"News aus Heidelberg \" rel=\"nofollow noopener\" target=\"_blank\">Heidelberg<\/a> (ots)<\/p>\n<p>Am fr\u00fchen Samstagmorgen, kurz vor 02:00 Uhr, kam es in der Unteren Stra\u00dfe\/Dreik\u00f6nigstra\u00dfe zu einer gef\u00e4hrlichen K\u00f6rperverletzung zum Nachteil eines 27-j\u00e4hrigen und eines 28-j\u00e4hrigen Mannes.<br \/>\nDie zwei Gesch\u00e4digten standen mit einer Freundin auf der Stra\u00dfe und unterhielten sich, als zwei unbekannte m\u00e4nnliche Tatverd\u00e4chtige zu ihnen kamen und in ein Gespr\u00e4ch verwickelten. Daraus resultierte zun\u00e4chst ein verbaler Streit, der sich letztendlich in eine k\u00f6rperliche Auseinandersetzung gipfelte.<br \/>\nDie beiden noch Unbekannten attackierten gemeinsam die jungen M\u00e4nner mit Faustschl\u00e4gen und St\u00f6\u00dfen und verletzten diese so im Kopfbereich, dass sie zur weiteren \u00e4rztlichen Versorgung durch den Rettungsdienst in nahegelegen Krankenh\u00e4user verbracht werden mussten.<\/p>\n<p>Die Tatverd\u00e4chtigen wurden wie folgt beschrieben:<\/p>\n<p>1.\tPerson<\/p>\n<p>   &#8211;\t1,85m gro\u00df &#8211;\tSportliche Figur &#8211;\tMitteleurop\u00e4ischer Ph\u00e4notyp &#8211;<br \/>\nDunkle, kurze Haare, seitlich k\u00fcrzer &#8211;\tVollbart &#8211;\tGr\u00fcn\/schwarze<br \/>\nWindjacke mit gr\u00fcner Kapuze<\/p>\n<p>2. Person<\/p>\n<p>   &#8211;\t1.75m gro\u00df &#8211;\tSchlank &#8211;\tMitteleurop\u00e4ischer Ph\u00e4notyp &#8211;\tDunkler<br \/>\nBackenbart &#8211;\tSchwarze Beaniem\u00fctze, schwarze Windjacke, schwarze Hose<\/p>\n<p>Zeugen, die sachdienliche Hinweise zu den T\u00e4tern oder der Tat machen k\u00f6nnen, werden gebeten, sich bei dem Polizeirevier Heidelberg-Mitte, unter der Telefonnummer: 06221\/1857-0, zu melden.<\/p>\n<p class=\"contact-headline\">R\u00fcckfragen bitte an:<\/p>\n<p class=\"contact-text\">Polizeipr\u00e4sidium Mannheim<br \/>F\u00fchrungs- und Lagezentrum<br \/>Michael Sch\u00e4fer<br \/>Telefon: 0621 174-1111<br \/>E-Mail: <a href=\"https:\/\/www.presseportal.de\/blaulicht\/pm\/14915\/mailto: mannheim.pp@polizei.bwl.de\" class=\"uri-mailto\" rel=\"nofollow noopener\" target=\"_blank\"> mannheim.pp@polizei.bwl.de<\/a><br \/><a target=\"_blank\" class=\"uri-ext outbound\" rel=\"noopener nofollow\" href=\"http:\/\/www.polizei-bw.de\/\">http:\/\/www.polizei-bw.de\/<\/a><\/p>\n<p class=\"originator\">Original-Content von: Polizeipr\u00e4sidium Mannheim, \u00fcbermittelt durch news aktuell<\/p>\n","protected":false},"excerpt":{"rendered":"21.12.2025 \u2013 09:40 Polizeipr\u00e4sidium Mannheim Heidelberg (ots) Am fr\u00fchen Samstagmorgen, kurz vor 02:00 Uhr, kam es in der&hellip;\n","protected":false},"author":2,"featured_media":386213,"comment_status":"","ping_status":"","sticky":false,"template":"","format":"standard","meta":{"footnotes":""},"categories":[1845],"tags":[1634,6187,3364,29,548,663,3934,30,13,177,2096,14,15,121,178,180,179,181,12],"class_list":{"0":"post-661741","1":"post","2":"type-post","3":"status-publish","4":"format-standard","5":"has-post-thumbnail","7":"category-mannheim","8":"tag-baden-wuerttemberg","9":"tag-bw","10":"tag-de","11":"tag-deutschland","12":"tag-eu","13":"tag-europa","14":"tag-europe","15":"tag-germany","16":"tag-headlines","17":"tag-kriminalitt","18":"tag-mannheim","19":"tag-nachrichten","20":"tag-news","21":"tag-polizei","22":"tag-presse","23":"tag-pressemeldung","24":"tag-pressemitteilung","25":"tag-pressemitteilungen","26":"tag-schlagzeilen"},"share_on_mastodon":{"url":"https:\/\/pubeurope.com\/@de\/115756829588635587","error":""},"_links":{"self":[{"href":"https:\/\/www.europesays.com\/de\/wp-json\/wp\/v2\/posts\/661741","targetHints":{"allow":["GET"]}}],"collection":[{"href":"https:\/\/www.europesays.com\/de\/wp-json\/wp\/v2\/posts"}],"about":[{"href":"https:\/\/www.europesays.com\/de\/wp-json\/wp\/v2\/types\/post"}],"author":[{"embeddable":true,"href":"https:\/\/www.europesays.com\/de\/wp-json\/wp\/v2\/users\/2"}],"replies":[{"embeddable":true,"href":"https:\/\/www.europesays.com\/de\/wp-json\/wp\/v2\/comments?post=661741"}],"version-history":[{"count":0,"href":"https:\/\/www.europesays.com\/de\/wp-json\/wp\/v2\/posts\/661741\/revisions"}],"wp:featuredmedia":[{"embeddable":true,"href":"https:\/\/www.europesays.com\/de\/wp-json\/wp\/v2\/media\/386213"}],"wp:attachment":[{"href":"https:\/\/www.europesays.com\/de\/wp-json\/wp\/v2\/media?parent=661741"}],"wp:term":[{"taxonomy":"category","embeddable":true,"href":"https:\/\/www.europesays.com\/de\/wp-json\/wp\/v2\/categories?post=661741"},{"taxonomy":"post_tag","embeddable":true,"href":"https:\/\/www.europesays.com\/de\/wp-json\/wp\/v2\/tags?post=661741"}],"curies":[{"name":"wp","href":"https:\/\/api.w.org\/{rel}","templated":true}]}}