{"id":661757,"date":"2025-12-21T09:34:17","date_gmt":"2025-12-21T09:34:17","guid":{"rendered":"https:\/\/www.europesays.com\/de\/661757\/"},"modified":"2025-12-21T09:34:17","modified_gmt":"2025-12-21T09:34:17","slug":"russland-afrika-treffen-in-kairo-aegyptens-praesident-al-sisi-fordert-aufwertung-von-afrika-im-uno-sicherheitsrat-2","status":"publish","type":"post","link":"https:\/\/www.europesays.com\/de\/661757\/","title":{"rendered":"Russland-Afrika-Treffen in Kairo &#8211; \u00c4gyptens Pr\u00e4sident al-Sisi fordert Aufwertung von Afrika im UNO-Sicherheitsrat"},"content":{"rendered":"<p>                    <img decoding=\"async\" loading=\"lazy\" class=\"internal-image\" title=\"Delegierte des Russland-Afrika-Partnerschaftsforums in Kairo posieren f\u00fcr ein Gruppenfoto.\" alt=\"Delegierte des Russland-Afrika-Partnerschaftsforums in Kairo posieren f\u00fcr ein Gruppenfoto.\" src=\"https:\/\/www.europesays.com\/de\/wp-content\/uploads\/2025\/12\/russia-africa-100-1920x1080.jpg\" \/><\/p>\n<p>                  Gruppenfoto der Ministerkonferenz des Russland-Afrika-Partnerschaftsforums in Kairo (AFP \/ AHMED HASAN)<\/p>\n<p>Ziel sei eine pluralistischere Weltordnung, erkl\u00e4rte al-Sisi zum Abschluss des Russland-Afrika-Treffens in Kairo. Angesichts des wirtschaftlichen, politischen und demografischen Gewichts sollte Afrika bei globalen Entscheidungen Einfluss nehmen k\u00f6nnen. Der russische Au\u00dfenminister Lawrow sicherte Unterst\u00fctzung zu. Moskau bleibe ein verl\u00e4sslicher Partner f\u00fcr die afrikanischen Staaten bei der St\u00e4rkung ihrer nationalen Souver\u00e4nit\u00e4t, sagte Lawrow. Russland hat in den vergangen Jahren &#8211; ebenso wie China &#8211; seinen Einfluss in Afrika ausgeweitet, vor allem in den L\u00e4ndern der Sahelzone, wo Milit\u00e4rregierungen an die Macht gekommen sind.<\/p>\n<p>Bereits seit 2005 verlangt die Afrikanische Union zwei st\u00e4ndige Sitze mit Vetom\u00f6glichkeit im UNO-Sicherheitsrat. Deutschland unterst\u00fctzt diese Forderung.<\/p>\n<p>Diese Nachricht wurde am 21.12.2025 im Programm Deutschlandfunk gesendet.<\/p>\n","protected":false},"excerpt":{"rendered":"Gruppenfoto der Ministerkonferenz des Russland-Afrika-Partnerschaftsforums in Kairo (AFP \/ AHMED HASAN) Ziel sei eine pluralistischere Weltordnung, erkl\u00e4rte al-Sisi&hellip;\n","protected":false},"author":2,"featured_media":661616,"comment_status":"","ping_status":"","sticky":false,"template":"","format":"standard","meta":{"footnotes":""},"categories":[4013],"tags":[331,332,13,14,15,4043,4044,850,307,12],"class_list":{"0":"post-661757","1":"post","2":"type-post","3":"status-publish","4":"format-standard","5":"has-post-thumbnail","7":"category-russland","8":"tag-aktuelle-nachrichten","9":"tag-aktuelle-news","10":"tag-headlines","11":"tag-nachrichten","12":"tag-news","13":"tag-russia","14":"tag-russian-federation","15":"tag-russische-foederation","16":"tag-russland","17":"tag-schlagzeilen"},"share_on_mastodon":{"url":"https:\/\/pubeurope.com\/@de\/115756877441954563","error":""},"_links":{"self":[{"href":"https:\/\/www.europesays.com\/de\/wp-json\/wp\/v2\/posts\/661757","targetHints":{"allow":["GET"]}}],"collection":[{"href":"https:\/\/www.europesays.com\/de\/wp-json\/wp\/v2\/posts"}],"about":[{"href":"https:\/\/www.europesays.com\/de\/wp-json\/wp\/v2\/types\/post"}],"author":[{"embeddable":true,"href":"https:\/\/www.europesays.com\/de\/wp-json\/wp\/v2\/users\/2"}],"replies":[{"embeddable":true,"href":"https:\/\/www.europesays.com\/de\/wp-json\/wp\/v2\/comments?post=661757"}],"version-history":[{"count":0,"href":"https:\/\/www.europesays.com\/de\/wp-json\/wp\/v2\/posts\/661757\/revisions"}],"wp:featuredmedia":[{"embeddable":true,"href":"https:\/\/www.europesays.com\/de\/wp-json\/wp\/v2\/media\/661616"}],"wp:attachment":[{"href":"https:\/\/www.europesays.com\/de\/wp-json\/wp\/v2\/media?parent=661757"}],"wp:term":[{"taxonomy":"category","embeddable":true,"href":"https:\/\/www.europesays.com\/de\/wp-json\/wp\/v2\/categories?post=661757"},{"taxonomy":"post_tag","embeddable":true,"href":"https:\/\/www.europesays.com\/de\/wp-json\/wp\/v2\/tags?post=661757"}],"curies":[{"name":"wp","href":"https:\/\/api.w.org\/{rel}","templated":true}]}}