{"id":661770,"date":"2025-12-21T09:44:20","date_gmt":"2025-12-21T09:44:20","guid":{"rendered":"https:\/\/www.europesays.com\/de\/661770\/"},"modified":"2025-12-21T09:44:20","modified_gmt":"2025-12-21T09:44:20","slug":"wetter-in-deutschland-dwd-ruft-nebel-warnung-aus","status":"publish","type":"post","link":"https:\/\/www.europesays.com\/de\/661770\/","title":{"rendered":"Wetter in Deutschland: DWD ruft Nebel-Warnung aus"},"content":{"rendered":"<p>In 131 Landkreisen <\/p>\n<p>Amtliche Warnung: &#8222;Starke Sichteinschr\u00e4nkungen&#8220;<\/p>\n<p>21.12.2025 &#8211; 09:46 UhrLesedauer: 2 Min.<\/p>\n<p><img style=\"--width:32;--height:32\" loading=\"lazy\" src=\"https:\/\/www.t-online.de\/s\/paper\/_next\/static\/media\/loading-indicator-video.1f35d8de.svg\" alt=\"Video l\u00e4dt\" title=\"Video l\u00e4dt\" class=\"block h-[calc(var(--height)_\/_16_*_1rem)] w-[calc(var(--width)_\/_16_*_1rem)] max-w-none undefined\" decoding=\"async\"\/>Player wird geladen<\/p>\n<p>Meteorologe Martin Puchegger im Video: &#8222;Dann zeigen die Wetterkarten einen winterlichen Trend.&#8220; (Quelle: Wetter.com)<\/p>\n<p class=\"font-bold text-18 leading-17\">In 131 Landkreisen in Deutschland gilt am Sonntagmorgen Alarmstufe Gelb: Der DWD warnt amtlich vor Gefahren f\u00fcr Autofahrer.<\/p>\n<p class=\"text-18 leading-17\">Das <a class=\"transition-colors duration-200 cursor-pointer text-inherit no-underline text-salemsfur md:hover:text-magenta md:hover:border-magenta md:focus:text-magenta border-current border-b border-solid break-words\" href=\"https:\/\/www.t-online.de\/nachrichten\/panorama\/wetter\/id_101051448\/wetter-in-deutschland-ploetzlich-wieder-schnee-zu-weihnachten-moeglich.html\" data-sctrack=\"BodyAnchor\" target=\"_blank\" rel=\"noopener\">Wetter in Deutschland<\/a> zeigt sich weiterhin wenig winterlich: Am Sonntag sind im Osten 4, im Westen bis zu 13 Grad in der Spitze m\u00f6glich. Doch am Morgen ist es vielerorts noch gef\u00e4hrlich neblig. Der Deutsche Wetterdienst (DWD) hat in 131 Landkreisen amtliche Warnungen ausgerufen.<\/p>\n<p class=\"text-18 leading-17\">Laut DWD herrscht in gro\u00dfen Teilen von <a class=\"transition-colors duration-200 cursor-pointer text-inherit no-underline text-salemsfur md:hover:text-magenta md:hover:border-magenta md:focus:text-magenta border-current border-b border-solid break-words\" href=\"https:\/\/www.t-online.de\/region\/bayern\/\" data-sctrack=\"BodyAnchor\" target=\"_blank\" rel=\"noopener\">Bayern<\/a>, Baden-W\u00fcrttemberg, Th\u00fcringen, Sachsen-Anhalt und Hessen Alarmstufe Gelb: Es trete gebietsweise Nebel mit Sichtweiten unter 150 Metern auf. Die Meteorologen warnen vor &#8222;starken Sichteinschr\u00e4nkungen&#8220; und empfehlen Autofahrern, ihr Fahrverhalten im <a class=\"transition-colors duration-200 cursor-pointer text-inherit no-underline text-salemsfur md:hover:text-magenta md:hover:border-magenta md:focus:text-magenta border-current border-b border-solid break-words\" href=\"https:\/\/www.t-online.de\/themen\/strassenverkehr\/\" data-sctrack=\"BodyAnchor\" target=\"_blank\" rel=\"noopener\">Stra\u00dfenverkehr<\/a> anzupassen. Die Wetter-Warnung gilt laut DWD noch bis Sonntagvormittag um 11 Uhr.<\/p>\n<p class=\"text-18 leading-17\">Laut den Prognosen der Meteorologen bleibt es am Sonntag weitgehend trocken, wenn auch meist bedeckt. In der Nacht auf Montag bildet sich teils wieder dichter Nebel und Hochnebel, mancherorts sind frostige Temperaturen m\u00f6glich \u2013 damit steigt auch die Gl\u00e4ttegefahr am Montagmorgen.<\/p>\n<p class=\"text-18 leading-17\">Am Montag erw\u00e4rmen sich die Temperaturen auf maximal 7 Grad. Hoffnung auf Sonne k\u00f6nnen sich laut DWD vor allem die Menschen in den h\u00f6heren Lagen sowie an den Westseiten der Mittelgebirge machen. Am Dienstag ist das <a class=\"transition-colors duration-200 cursor-pointer text-inherit no-underline text-salemsfur md:hover:text-magenta md:hover:border-magenta md:focus:text-magenta border-current border-b border-solid break-words\" href=\"https:\/\/www.t-online.de\/wetter\" data-sctrack=\"BodyAnchor\" target=\"_blank\" rel=\"noopener\">Wetter<\/a> laut Vorhersage vielerorts neblig tr\u00fcb und bedeckt. Die H\u00f6chstwerte liegen bei 4, im Rheinland bei 6 Grad.<\/p>\n<p class=\"text-18 leading-17\">Das Wetter an Heiligabend bringt nach jetziger Einsch\u00e4tzung viele Wolken und &#8222;gebietsweise leichten Schneefall&#8220; mit sich, vor allem in der S\u00fcdh\u00e4lfte. Doch ob dieser Schnee liegen bleibt, ist mehr als ungewiss: Die H\u00f6chsttemperaturen liegen bis minus 2 bis 2 Grad.<\/p>\n<p class=\"text-18 leading-17\">Bereits am Freitag hatten sich der ZDF-Meteorologe \u00d6zden Terli und der Diplom-Meteorologe Dominik Jung im Gespr\u00e4ch mit t-online ge\u00e4u\u00dfert und eine Prognose zur Frage nach wei\u00dfen <a class=\"transition-colors duration-200 cursor-pointer text-inherit no-underline text-salemsfur md:hover:text-magenta md:hover:border-magenta md:focus:text-magenta border-current border-b border-solid break-words\" href=\"https:\/\/www.t-online.de\/themen\/weihnachten\/\" data-sctrack=\"BodyAnchor\" target=\"_blank\" rel=\"noopener\">Weihnachten<\/a> gewagt: Terli sagte: &#8222;Jetzt sieht es doch so aus, dass sich ausgerechnet am 24. Dezember von der Mitte s\u00fcdw\u00e4rts eine Schneedecke bilden kann.&#8220; Und auch Jung betonte: &#8222;Grillwetter gibt es an Weihnachten, anders als in manchen vergangenen Jahren, also schon mal nicht.&#8220;<\/p>\n","protected":false},"excerpt":{"rendered":"In 131 Landkreisen Amtliche Warnung: &#8222;Starke Sichteinschr\u00e4nkungen&#8220; 21.12.2025 &#8211; 09:46 UhrLesedauer: 2 Min. Player wird geladen Meteorologe Martin&hellip;\n","protected":false},"author":2,"featured_media":661771,"comment_status":"","ping_status":"","sticky":false,"template":"","format":"standard","meta":{"footnotes":""},"categories":[2],"tags":[1434,331,3924,332,3922,73671,1634,3364,950,29,4906,30,13,5527,2052,2225,14,3923,15,3921,860,12,154458,226,861,12289],"class_list":{"0":"post-661770","1":"post","2":"type-post","3":"status-publish","4":"format-standard","5":"has-post-thumbnail","7":"category-deutschland","8":"tag-1434","9":"tag-aktuelle-nachrichten","10":"tag-aktuelle-nachrichten-aus-deutschland","11":"tag-aktuelle-news","12":"tag-aktuelle-news-aus-deutschland","13":"tag-alarmstufe","14":"tag-baden-wuerttemberg","15":"tag-de","16":"tag-deutscher-wetterdienst","17":"tag-deutschland","18":"tag-dwd","19":"tag-germany","20":"tag-headlines","21":"tag-heiligabend","22":"tag-hessen","23":"tag-landkreis","24":"tag-nachrichten","25":"tag-nachrichten-aus-deutschland","26":"tag-news","27":"tag-news-aus-deutschland","28":"tag-sachsen-anhalt","29":"tag-schlagzeilen","30":"tag-sichteinschraenkung","31":"tag-t-online","32":"tag-thueringen","33":"tag-weihnachten"},"share_on_mastodon":{"url":"https:\/\/pubeurope.com\/@de\/115756917021871856","error":""},"_links":{"self":[{"href":"https:\/\/www.europesays.com\/de\/wp-json\/wp\/v2\/posts\/661770","targetHints":{"allow":["GET"]}}],"collection":[{"href":"https:\/\/www.europesays.com\/de\/wp-json\/wp\/v2\/posts"}],"about":[{"href":"https:\/\/www.europesays.com\/de\/wp-json\/wp\/v2\/types\/post"}],"author":[{"embeddable":true,"href":"https:\/\/www.europesays.com\/de\/wp-json\/wp\/v2\/users\/2"}],"replies":[{"embeddable":true,"href":"https:\/\/www.europesays.com\/de\/wp-json\/wp\/v2\/comments?post=661770"}],"version-history":[{"count":0,"href":"https:\/\/www.europesays.com\/de\/wp-json\/wp\/v2\/posts\/661770\/revisions"}],"wp:featuredmedia":[{"embeddable":true,"href":"https:\/\/www.europesays.com\/de\/wp-json\/wp\/v2\/media\/661771"}],"wp:attachment":[{"href":"https:\/\/www.europesays.com\/de\/wp-json\/wp\/v2\/media?parent=661770"}],"wp:term":[{"taxonomy":"category","embeddable":true,"href":"https:\/\/www.europesays.com\/de\/wp-json\/wp\/v2\/categories?post=661770"},{"taxonomy":"post_tag","embeddable":true,"href":"https:\/\/www.europesays.com\/de\/wp-json\/wp\/v2\/tags?post=661770"}],"curies":[{"name":"wp","href":"https:\/\/api.w.org\/{rel}","templated":true}]}}