{"id":661777,"date":"2025-12-21T09:48:35","date_gmt":"2025-12-21T09:48:35","guid":{"rendered":"https:\/\/www.europesays.com\/de\/661777\/"},"modified":"2025-12-21T09:48:35","modified_gmt":"2025-12-21T09:48:35","slug":"hier-koennen-sie-am-21-12-shoppen","status":"publish","type":"post","link":"https:\/\/www.europesays.com\/de\/661777\/","title":{"rendered":"Hier k\u00f6nnen Sie am 21.12. shoppen"},"content":{"rendered":"<p>    <a href=\"https:\/\/www.ruhrnachrichten.de\/wp-content\/uploads\/2025\/12\/18\/16\/630_0900_5500263_-1648x824.jpg\" rel=\"nofollow noopener\" target=\"_blank\"><\/p>\n<p>            <img decoding=\"async\" fetchpriority=\"high\" src=\"https:\/\/www.europesays.com\/de\/wp-content\/uploads\/2025\/12\/630_0900_5500262_-640x428.jpg\" width=\"640\" height=\"428\"  alt=\"\"\/><\/p>\n<p>    <\/a><br \/>\n    Am verkaufsoffenen Sonntag \u00f6ffnen die Gesch\u00e4fte in neun St\u00e4dten in NRW. \u00a9 picture alliance\/dpa<\/p>\n<p class=\"article__teaser-text\">Am 21. Dezember \u00f6ffnen die Gesch\u00e4fte in neun St\u00e4dten in NRW zum verkaufsoffenen Sonntag. In welchen St\u00e4dten Sie einkaufen k\u00f6nnen, erfahren Sie hier.<\/p>\n<p>3 Min Lesezeit<\/p>\n<p>Wer in der hektischen Vorweihnachtszeit noch auf der Suche nach einem passenden Weihnachtsgeschenk ist oder Lust hat, sich am letzten Sonntag vor den Feiertagen ins Shopping-Get\u00fcmmel zu st\u00fcrzen, kann an diesem Wochenende die Gelegenheit nutzen: In einigen St\u00e4dten in <a target=\"_blank\" href=\"https:\/\/www.ruhrnachrichten.de\/nrw\/\" data-imported=\"1\" rel=\"nofollow noopener\">Nordrhein-Westfalen<\/a> \u00f6ffnen die Gesch\u00e4fte zum verkaufsoffenen Sonntag ihre T\u00fcren. Alternativ locken auch die <a target=\"_blank\" href=\"https:\/\/www.ruhrnachrichten.de\/regionales\/weihnachtsmaerkte-nrw-2025-termine-dortmund-bochum-herne-koeln-dom-schloss-solingen-wochenende-w1098331-2001872191\/\" data-imported=\"1\" rel=\"nofollow noopener\">Weihnachtsm\u00e4rkte in NRW<\/a> zu einem Besuch ein.<\/p>\n<p>Verkaufsoffener Sonntag in NRW: Hier k\u00f6nnen Sie am 21. Dezember shoppen<\/p>\n<p>Am 21. Dezember \u00f6ffnen die Gesch\u00e4fte in neun St\u00e4dten zum verkaufsoffenen Sonntag. Damit f\u00e4llt die Auswahl deutlich kleiner aus als <a target=\"_blank\" href=\"https:\/\/www.ruhrnachrichten.de\/regionales\/verkaufsoffener-sonntag-nrw-14-dezember-bocholt-essen-recklinghausen-stadtlohn-werne-w1118492-2001906058\/\" data-imported=\"1\" rel=\"nofollow noopener\">letzte Woche (14. Dezember), als es in 51 St\u00e4dten einen verkaufsoffenen Sonntag gab.<\/a> In diesen St\u00e4dten und Gemeinden k\u00f6nnen Sie am 21. Dezember einkaufen (in alphabetischer Reihenfolge)*:<\/p>\n<ul class=\"wp-block-list\">\n<li>Br\u00fchl<\/li>\n<li>Duisburg<\/li>\n<li>Eschweiler<\/li>\n<li>Frechen<\/li>\n<li>Lage<\/li>\n<li><a target=\"_blank\" href=\"https:\/\/www.marler-zeitung.de\/marl\/\" data-imported=\"1\" rel=\"nofollow noopener\">Marl<\/a><\/li>\n<li>T\u00f6nisvorst<\/li>\n<li>Winterberg<\/li>\n<li>Witten<\/li>\n<\/ul>\n<p>\t\t<a href=\"https:\/\/www.ruhrnachrichten.de\/regionales\/weihnachtsmarkt-bochum-2025-oeffnungszeiten-eisstockbahn-staende-fliegender-weihnachtsmann-w961165-2001442138\/\" rel=\"nofollow noopener\" aria-hidden=\"true\" tabindex=\"-1\" title=\"Weihnachtsmarkt Bochum 2025 Alle Besucher-Infos zu \u00d6ffnungszeiten, Eisstockbahn &amp; mehr\" aria-label=\"Weihnachtsmarkt Bochum 2025 Alle Besucher-Infos zu \u00d6ffnungszeiten, Eisstockbahn &amp; mehr\" target=\"_blank\"><\/p>\n<p>                <img decoding=\"async\" src=\"https:\/\/www.europesays.com\/de\/wp-content\/uploads\/2025\/11\/630_0900_4256974_Weihnachtsmarkt_Bochum_2024-160x160.jpg\"  width=\"160\" height=\"160\" alt=\"St\u00e4nde leuchten auf dem Weihnachtsmarkt in Bochum.\" loading=\"lazy\"\/><\/p>\n<p>\t\t<\/a><\/p>\n<p>Verkaufsoffener Sonntag in Duisburg<\/p>\n<p>Am 21. Dezember \u00f6ffnen die Gesch\u00e4fte parallel zum <a target=\"_blank\" href=\"https:\/\/www.ruhrnachrichten.de\/regionales\/weihnachtsmarkt-duisburg-2025-oeffnungszeiten-programm-riesenrad-staende-parken-highlights-w1812305-2000678601\/\" data-imported=\"1\" rel=\"nofollow noopener\">Weihnachtsmarkt in Duisburg<\/a> von 13 bis 18 Uhr ihre T\u00fcren zum verkaufsoffenen Sonntag. Wer hier noch das ein oder andere Geschenk kaufen m\u00f6chte, hat also die Gelegenheit dazu.<\/p>\n<p>Wer auch den Weihnachtsmarkt besuchen m\u00f6chte, kann an rund 120 St\u00e4nden st\u00f6bern oder bei einer Fahrt auf dem Riesenrad die Aussicht \u00fcber Duisburg genie\u00dfen. Die beiden Walking-Acts Nikki und Klausi sind in der Innenstadt unterwegs und verteilen kleine Naschereien an die Kinder. In diesem Jahr gibt es auf dem Weihnachtsmarkt statt der klassischen Eisbahn eine nachhaltige Kunststoffbahn. Jugendliche und Erwachsene zahlen <b>4 Euro<\/b> Eintritt, Kinder bis 6 Jahre <b>2 Euro<\/b>. Schlittschuhe k\u00f6nnen pro 2 Stunden Laufzeit f\u00fcr <b>4 Euro <\/b>geliehen werden.<\/p>\n<p>\t\t<a href=\"https:\/\/www.ruhrnachrichten.de\/regionales\/weihnachtsmarkt-duisburg-2025-oeffnungszeiten-programm-riesenrad-staende-parken-highlights-w1812305-2000678601\/\" rel=\"nofollow noopener\" aria-hidden=\"true\" tabindex=\"-1\" title=\"Weihnachtsmarkt Duisburg 2025 Alle Infos zu Programm \u00d6ffnungszeiten und mehr\" aria-label=\"Weihnachtsmarkt Duisburg 2025 Alle Infos zu Programm \u00d6ffnungszeiten und mehr\" target=\"_blank\"><\/p>\n<p>                <img decoding=\"async\" src=\"https:\/\/www.europesays.com\/de\/wp-content\/uploads\/2025\/12\/630_0900_2561198_Weihnachtsmarkt_Duisburg_Riesenrad-160x160.jpg\"  width=\"160\" height=\"160\" alt=\"Ein Nikolaus mit Geschenken sitzt beim Weihnachtsmarkt in Duisburg auf dem Dach einer Gl\u00fchweinh\u00fctte.\" loading=\"lazy\"\/><\/p>\n<p>\t\t<\/a><\/p>\n<p>Verkaufsoffener Sonntag in Lage<\/p>\n<p>Das vierte Adventswochenende steht auf dem Weihnachtsmarkt in <b>Lage <\/b>ganz im Zeichen der Familie. Am 20. Dezember bringen die Walking-Acts Elsa, Anna und Olaf von 14 bis 18 Uhr auf dem Weihnachtsmarkt alle Kinderaugen zum Leuchten. Mit der Kinderbastelaktion \u201eLast-Minute-Geschenke\u201c k\u00f6nnen sich die kleinen G\u00e4ste kreativ austoben und gleichzeitig ihrer Familie ein sch\u00f6nes Geschenk zu Weihnachten machen.<\/p>\n<p>Am 21. Dezember stehen Auftritte vom Schneeball Kobold, einer Schneefee sowie Feuershows von \u201eFeuerflut\u201c auf dem Programm. Gleichzeitig kann von 13 bis 18 Uhr am verkaufsoffenen Sonntag in den Gesch\u00e4ften geshoppt werden.<\/p>\n<p>\t\t<a href=\"https:\/\/www.ruhrnachrichten.de\/regionales\/weihnachtsmarkt-koeln-2025-uebersicht-oeffnungszeiten-dom-hafen-heumarkt-rudolfplatz-stadtgarten-w806829-2001001317\/\" rel=\"nofollow noopener\" aria-hidden=\"true\" tabindex=\"-1\" title=\"Weihnachtsmarkt K\u00f6ln 2025 \u00dcbersicht - Das gibts am Dom, Heumarkt, Hafen, Rudolfplatz &amp; Co.\" aria-label=\"Weihnachtsmarkt K\u00f6ln 2025 \u00dcbersicht - Das gibts am Dom, Heumarkt, Hafen, Rudolfplatz &amp; Co.\" target=\"_blank\"><\/p>\n<p>                <img decoding=\"async\" src=\"https:\/\/www.europesays.com\/de\/wp-content\/uploads\/2025\/11\/630_0900_3327680_98131399-160x160.jpg\"  width=\"160\" height=\"160\" alt=\"St\u00e4nde mit roten D\u00e4chern und eine beleuchtete Fichte stehen auf dem Domplatz vor dem Dom.\" loading=\"lazy\"\/><\/p>\n<p>\t\t<\/a><\/p>\n<p>Verkaufsoffener Sonntag in Marl<\/p>\n<p>Am Wochenende wird es weihnachtlich in <b><a target=\"_blank\" href=\"https:\/\/www.marler-zeitung.de\/marl\/\" data-imported=\"1\" rel=\"nofollow noopener\">Marl<\/a><\/b>: Vor dem Marler Stern l\u00e4dt ein Weihnachtsdorf mit zahlreichen Handwerksst\u00e4nden und kulinarischen Speisen zum St\u00f6bern und Verweilen ein. Mit einer \u201eXXL-Geschenke-Einpackstra\u00dfe\u201c sowie verschiedenen kreativen Weihnachtsst\u00e4nden im Marler Stern k\u00f6nnen sich Besucher auf die Suche nach den letzten Weihnachtsgeschenken begeben und sie sch\u00f6n verpacken lassen. Kinder kommen mit der Laternenbastelaktion und einem Lichterumzug voll auf ihre Kosten.<\/p>\n<p>Zus\u00e4tzlich zum Weihnachtsdorf laden die Gesch\u00e4fte im Marler Stern von 13 bis 18 Uhr zum verkaufsoffenen Sonntag ein.<\/p>\n<p>\t\t<a href=\"https:\/\/www.ruhrnachrichten.de\/dortmund\/dortmunder-weihnachtsmarkt-2025-oeffnungszeiten-preise-neuerungen-highlights-w1100197-2001868324\/\" rel=\"nofollow noopener\" aria-hidden=\"true\" tabindex=\"-1\" title=\"Dortmunder Weihnachtsmarkt 2025 Neuerungen, \u00d6ffnungszeiten, Preise \u2013 die wichtigsten Infos\" aria-label=\"Dortmunder Weihnachtsmarkt 2025 Neuerungen, \u00d6ffnungszeiten, Preise \u2013 die wichtigsten Infos\" target=\"_blank\"><\/p>\n<p>                <img decoding=\"async\" src=\"https:\/\/www.europesays.com\/de\/wp-content\/uploads\/2025\/11\/1764501799_875_630_0900_5294638_-160x160.jpg\"  width=\"160\" height=\"160\" alt=\"Der Weihnachtsbaum auf dem Dortmunder Weihnachtsmarkt 2024.\" loading=\"lazy\"\/><\/p>\n<p>\t\t<\/a><\/p>\n<p>Verkaufsoffener Sonntag in T\u00f6nisvorst<\/p>\n<p>Der T\u00f6nisvorster H\u00fcttenzauber feiert in diesem Jahr Premiere und lockt am vierten Adventswochenende zahlreiche Besucher nach <b>T\u00f6nisvorst<\/b>. Rund 30 H\u00e4ndler bieten eine gro\u00dfe Auswahl an regionalen Produkten sowie liebevoll gestaltetem Kunsthandwerk an. Von hei\u00dfem Apfelsaft bis hin zu veganem Streetfood ist f\u00fcr jeden Geschmack etwas dabei. Ein besonderes Highlight f\u00fcr die kleinen G\u00e4ste ist der Besuch des Weihnachtsmannes.<\/p>\n<p>Parallel zum H\u00fcttenzauber \u00f6ffnen die Gesch\u00e4fte von 13 bis 18 Uhr zum verkaufsoffenen Sonntag.<\/p>\n<p>\t\t<a href=\"https:\/\/www.ruhrnachrichten.de\/regionales\/weihnachtsmaerkte-nrw-2025-termine-dortmund-bochum-herne-koeln-dom-schloss-solingen-wochenende-w1098331-2001872191\/\" rel=\"nofollow noopener\" aria-hidden=\"true\" tabindex=\"-1\" title=\"Weihnachtsm\u00e4rkte 2025 in NRW Die wichtigsten Termine im \u00dcberblick\" aria-label=\"Weihnachtsm\u00e4rkte 2025 in NRW Die wichtigsten Termine im \u00dcberblick\" target=\"_blank\"><\/p>\n<p>                <img decoding=\"async\" src=\"https:\/\/www.europesays.com\/de\/wp-content\/uploads\/2025\/12\/630_0900_5281446_-160x160.jpg\"  width=\"160\" height=\"160\" alt=\"Auf den Weihnachtsm\u00e4rkten in NRW kommt man 2025 mit zahlreichen weihnachtlich geschm\u00fcckten Buden in Weihnachtsstimmung.\" loading=\"lazy\"\/><\/p>\n<p>\t\t<\/a><\/p>\n<p>Verkaufsoffener Sonntag in Witten<\/p>\n<p>An diesem Wochenende verwandelt sich <b>Witten<\/b> in ein Winterwunderland. Auf dem Rathausplatz k\u00f6nnen sich Besucher auf winterlich geschm\u00fcckte St\u00e4nde mit kulinarischen Spezialit\u00e4ten wie Gl\u00fchwein und Reibekuchen freuen. An der Gl\u00fchweinpyramide und an der Gran Paradiso Mountain Lounge gibt es ein abwechslungsreiches B\u00fchnen-Programm mit Kindertheater, Apr\u00e8s-Ski-Party und vielem mehr. Auf der Eisstockbahn k\u00f6nnen sich Besucher jeden Alters austoben. Auf dem Kinder-Weihnachtsmarkt kommen auf kleine G\u00e4ste ganz auf ihre Kosten. Auf dem Berliner Platz k\u00f6nnen sie auf dem Kinderkarussell eine Runde drehen und dem Wichteldorf einen Besuch abstatten.<\/p>\n<p>Passend zum Wittener Weihnachtsmarkt laden die Gesch\u00e4fte in der Innenstadt am 21. Dezember von 13 bis 18 Uhr zum verkaufsoffenen Sonntag ein.<\/p>\n<p>\t\t<a href=\"https:\/\/www.ruhrnachrichten.de\/regionales\/weihnachtsmarkt-soest-2025-oeffnungszeiten-programm-staende-parken-w961320-2001442436\/\" rel=\"nofollow noopener\" aria-hidden=\"true\" tabindex=\"-1\" title=\"Weihnachtsmarkt Soest 2025 \u00d6ffnungszeiten, St\u00e4nde &amp; mehr im \u00dcberblick\" aria-label=\"Weihnachtsmarkt Soest 2025 \u00d6ffnungszeiten, St\u00e4nde &amp; mehr im \u00dcberblick\" target=\"_blank\"><\/p>\n<p>                <img decoding=\"async\" src=\"https:\/\/www.europesays.com\/de\/wp-content\/uploads\/2025\/12\/630_0900_4258068_Weihnachtsmarkt_Soest_2024-160x160.jpg\"  width=\"160\" height=\"160\" alt=\"Besucher schlendern \u00fcber den Weihnachtsmarkt in Soest.\" loading=\"lazy\"\/><\/p>\n<p>\t\t<\/a><\/p>\n<p>Alternativ kann man auch einen der vielen <a target=\"_blank\" href=\"https:\/\/www.ruhrnachrichten.de\/regionales\/troedelmarkt-nrw-20-und-21-dezember-2025-flohmarkt-wochenende-samstag-sonntag-w1119066-2001905331\/\" data-imported=\"1\" rel=\"nofollow noopener\">Tr\u00f6delm\u00e4rkte in NRW am 20. und 21. Dezember<\/a> besuchen.<\/p>\n<p>* Ohne Gew\u00e4hr und Garantie auf Vollst\u00e4ndigkeit. Informieren Sie sich im Zweifel lieber noch einmal beim Veranstalter, ob der verkaufsoffene Sonntag auch wirklich stattfindet.<\/p>\n","protected":false},"excerpt":{"rendered":"Am verkaufsoffenen Sonntag \u00f6ffnen die Gesch\u00e4fte in neun St\u00e4dten in NRW. \u00a9 picture alliance\/dpa Am 21. Dezember \u00f6ffnen&hellip;\n","protected":false},"author":2,"featured_media":661778,"comment_status":"","ping_status":"","sticky":false,"template":"","format":"standard","meta":{"footnotes":""},"categories":[1838],"tags":[3364,29,3715,4289,30,1209,5904],"class_list":{"0":"post-661777","1":"post","2":"type-post","3":"status-publish","4":"format-standard","5":"has-post-thumbnail","7":"category-duisburg","8":"tag-de","9":"tag-deutschland","10":"tag-duisburg","11":"tag-einkaufen","12":"tag-germany","13":"tag-nordrhein-westfalen","14":"tag-verkaufsoffener-sonntag"},"share_on_mastodon":{"url":"https:\/\/pubeurope.com\/@de\/115756933395818580","error":""},"_links":{"self":[{"href":"https:\/\/www.europesays.com\/de\/wp-json\/wp\/v2\/posts\/661777","targetHints":{"allow":["GET"]}}],"collection":[{"href":"https:\/\/www.europesays.com\/de\/wp-json\/wp\/v2\/posts"}],"about":[{"href":"https:\/\/www.europesays.com\/de\/wp-json\/wp\/v2\/types\/post"}],"author":[{"embeddable":true,"href":"https:\/\/www.europesays.com\/de\/wp-json\/wp\/v2\/users\/2"}],"replies":[{"embeddable":true,"href":"https:\/\/www.europesays.com\/de\/wp-json\/wp\/v2\/comments?post=661777"}],"version-history":[{"count":0,"href":"https:\/\/www.europesays.com\/de\/wp-json\/wp\/v2\/posts\/661777\/revisions"}],"wp:featuredmedia":[{"embeddable":true,"href":"https:\/\/www.europesays.com\/de\/wp-json\/wp\/v2\/media\/661778"}],"wp:attachment":[{"href":"https:\/\/www.europesays.com\/de\/wp-json\/wp\/v2\/media?parent=661777"}],"wp:term":[{"taxonomy":"category","embeddable":true,"href":"https:\/\/www.europesays.com\/de\/wp-json\/wp\/v2\/categories?post=661777"},{"taxonomy":"post_tag","embeddable":true,"href":"https:\/\/www.europesays.com\/de\/wp-json\/wp\/v2\/tags?post=661777"}],"curies":[{"name":"wp","href":"https:\/\/api.w.org\/{rel}","templated":true}]}}