{"id":66180,"date":"2025-04-27T19:40:13","date_gmt":"2025-04-27T19:40:13","guid":{"rendered":"https:\/\/www.europesays.com\/de\/66180\/"},"modified":"2025-04-27T19:40:13","modified_gmt":"2025-04-27T19:40:13","slug":"musikzug-durch-essen-essendiese-verschiebt-pott-parade","status":"publish","type":"post","link":"https:\/\/www.europesays.com\/de\/66180\/","title":{"rendered":"Musikzug durch Essen: essendiese verschiebt &#8222;Pott Parade&#8220;"},"content":{"rendered":"<p class=\"small date article__date\">Ver\u00f6ffentlicht:\u00a0Sonntag, 27.04.2025 20:41<\/p>\n<p>Die von der Meme-Seite &#8222;essendiese&#8220; geplante &#8222;Pott Parade&#8220; durch Essen kann nicht wie geplant stattfinden. Das gro\u00dfe Event muss verschoben werden &#8211; aus Sicherheitsgr\u00fcnden.<\/p>\n<p><img decoding=\"async\" alt=\"Robin und Leon von essendiese\" src=\"https:\/\/www.europesays.com\/de\/wp-content\/uploads\/2025\/04\/essendiese.jpg&#038;crop=0x178x2856x1785&#038;resize=1280x800&#038;dt=202503181524290.jpeg\" data-size=\"1280x800\"\/>\u00a9 Mario Arlt \/ Radio EssenSicherheitskonzept in Essen muss \u00fcberarbeitet werden<\/p>\n<p>Eine <a href=\"https:\/\/www.radioessen.de\/artikel\/pott-parade-in-essen-essendiese-plant-grossen-zug-2273538.html\" rel=\"noopener noreferrer nofollow\" target=\"_blank\">gro\u00dfe Musikparade, mit Kulturschaffenden aus dem Ruhrgebiet<\/a>. Das Ganze auf den Stra\u00dfen von Altenessen. Das war der Plan der bekannten Meme-Seite &#8222;essendiese&#8220;. Doch jetzt ist klar: daraus wird dieses Jahr nichts. Die sogenannte &#8222;Pott Parade&#8220; wird verschoben. Das gab essendiese, die inzwischen weit mehr als &#8222;nur&#8220; eine Meme-Seite sind, auf Instagram bekannt. Die Veranstaltung soll jetzt am 29. August 2026 stattfinden. Urspr\u00fcnglich war der 30. August 2025 geplant. Das Interesse scheint einfach zu gro\u00df geworden zu sein, wie Robin und Lukas, die hinter essendiese stecken, in ihrem Beitrag schreiben:<\/p>\n<blockquote><p>&#8222;Das mediale echo und die bundesweite Berichterstattung hat die Beh\u00f6rden der Stadt Essen gezwungen, die Sicherheitslage neu zu bewerten. Es wird seitens der Beh\u00f6rden davon ausgegangen, dass deutlich mehr Menschen als urspr\u00fcnglich geplant die Veranstaltung besuchen.&#8220; <\/p><\/blockquote>\n<p>Da die Sicherheit an oberster Stelle steht, wolle man den Empfehlungen folgen, hei\u00dft es in dem Posting weiter.<\/p>\n<p>essendiese plant kleineres Festival in Altenessen<\/p>\n<p>Das Sicherheitskonzept wird von der Stadt und der Essen Marketing \u00fcbernommen. L\u00e4ngst k\u00f6nnen die zwei Jungs aus Essen das nicht mehr allein bew\u00e4ltigen:<\/p>\n<blockquote><p>&#8222;Die Dimensionen, in denen wir uns bewegen, sind inzwischen aber so gro\u00df, dass wir auf fundierte Meinungen externer Leute angewiesen sind. Wir hoffen, dass wir niemanden entt\u00e4uschen.&#8220;<\/p><\/blockquote>\n<p>Dennoch dr\u00fccken essendiese ihre Freude \u00fcber die gro\u00dfe Resonanz aus und &#8222;sind immer noch sprachlos, dass so viele Menschen Teil dieses Projekts sein wollen.&#8220; Da das neue Sicherheitskonzept mehr Zeit braucht und die Route angepasst werden muss, war eine Verschiebung unausweichlich. Aber Altenessen geht trotzdem auch dieses Jahr nicht komplett leer aus. Statt der &#8222;Pott Parade&#8220; soll es jetzt am letzten August-Wochenende des Jahres ein Festival in Altenessen geben. Mehr dazu ist noch nicht bekannt.<\/p>\n<p>Mehr Nachrichten aus Essen<img loading=\"lazy\" decoding=\"async\" src=\"https:\/\/www.europesays.com\/de\/wp-content\/uploads\/2025\/04\/66d30e27437d4dbabef6cabf3c08d0ea.gif\" width=\"1\" height=\"1\" alt=\"\"\/><\/p>\n","protected":false},"excerpt":{"rendered":"Ver\u00f6ffentlicht:\u00a0Sonntag, 27.04.2025 20:41 Die von der Meme-Seite &#8222;essendiese&#8220; geplante &#8222;Pott Parade&#8220; durch Essen kann nicht wie geplant stattfinden.&hellip;\n","protected":false},"author":2,"featured_media":66181,"comment_status":"","ping_status":"","sticky":false,"template":"","format":"standard","meta":{"footnotes":"","_share_on_mastodon":"0"},"categories":[1848],"tags":[13812,29521,3275,29523,29522,3364,29,548,663,3934,3658,30,13,14,15,1209,12],"class_list":["post-66180","post","type-post","status-publish","format-standard","has-post-thumbnail","category-gelsenkirchen","tag-altenessen","tag-essendiese","tag-lokalnachrichten","tag-pott-parade","tag-pottparade","tag-de","tag-deutschland","tag-eu","tag-europa","tag-europe","tag-gelsenkirchen","tag-germany","tag-headlines","tag-nachrichten","tag-news","tag-nordrhein-westfalen","tag-schlagzeilen"],"share_on_mastodon":{"url":"https:\/\/pubeurope.com\/@de\/114411629849097263","error":""},"_links":{"self":[{"href":"https:\/\/www.europesays.com\/de\/wp-json\/wp\/v2\/posts\/66180","targetHints":{"allow":["GET"]}}],"collection":[{"href":"https:\/\/www.europesays.com\/de\/wp-json\/wp\/v2\/posts"}],"about":[{"href":"https:\/\/www.europesays.com\/de\/wp-json\/wp\/v2\/types\/post"}],"author":[{"embeddable":true,"href":"https:\/\/www.europesays.com\/de\/wp-json\/wp\/v2\/users\/2"}],"replies":[{"embeddable":true,"href":"https:\/\/www.europesays.com\/de\/wp-json\/wp\/v2\/comments?post=66180"}],"version-history":[{"count":0,"href":"https:\/\/www.europesays.com\/de\/wp-json\/wp\/v2\/posts\/66180\/revisions"}],"wp:featuredmedia":[{"embeddable":true,"href":"https:\/\/www.europesays.com\/de\/wp-json\/wp\/v2\/media\/66181"}],"wp:attachment":[{"href":"https:\/\/www.europesays.com\/de\/wp-json\/wp\/v2\/media?parent=66180"}],"wp:term":[{"taxonomy":"category","embeddable":true,"href":"https:\/\/www.europesays.com\/de\/wp-json\/wp\/v2\/categories?post=66180"},{"taxonomy":"post_tag","embeddable":true,"href":"https:\/\/www.europesays.com\/de\/wp-json\/wp\/v2\/tags?post=66180"}],"curies":[{"name":"wp","href":"https:\/\/api.w.org\/{rel}","templated":true}]}}