{"id":661828,"date":"2025-12-21T10:20:22","date_gmt":"2025-12-21T10:20:22","guid":{"rendered":"https:\/\/www.europesays.com\/de\/661828\/"},"modified":"2025-12-21T10:20:22","modified_gmt":"2025-12-21T10:20:22","slug":"berlin-brandenburg-alba-frust-nach-naechster-ligapleite-war-unnoetig","status":"publish","type":"post","link":"https:\/\/www.europesays.com\/de\/661828\/","title":{"rendered":"Berlin &#038; Brandenburg: Alba-Frust nach n\u00e4chster Ligapleite: &#8222;War unn\u00f6tig&#8220;"},"content":{"rendered":"<p>Berlin &amp; BrandenburgAlba-Frust nach n\u00e4chster Ligapleite: &#8222;War unn\u00f6tig&#8220;<img decoding=\"async\" class=\"Image_img__fQCi0 Image_Img_16_9__4BLfH\" loading=\"eager\" fetchpriority=\"high\" src=\"https:\/\/www.europesays.com\/de\/wp-content\/uploads\/2025\/12\/Alba-Geschaeftsfuehrer-Marco-Baldi-beklagt-die-fehlende-physische-Intensitaet-seines-Teams.webp.webp\" alt=\"Alba-Geschaeftsfuehrer-Marco-Baldi-beklagt-die-fehlende-physische-Intensitaet-seines-Teams\"\/>TeilenFolgen auf:<a href=\"https:\/\/www.whatsapp.com\/channel\/0029Va5cdVJD8SDp5YZgYF01\" title=\"Auf WhatsApp folgen\" target=\"_blank\" rel=\"noopener\"><img decoding=\"async\" src=\"https:\/\/www.n-tv.de\/socialIcons\/whatsapp.svg\" alt=\"whatsapp\" class=\"ArticleShare_icon__FsrC2\"\/><\/a><a href=\"https:\/\/news.google.com\/publications\/CAAiEPMdif5mpRNxiLOeUpHCwwsqFAgKIhDzHYn-ZqUTcYiznlKRwsML?hl=de&amp;gl=DE&amp;ceid=DE%3Ade\" title=\"Auf Google News folgen\" target=\"_blank\" rel=\"noopener\"><img decoding=\"async\" src=\"https:\/\/www.n-tv.de\/socialIcons\/google.svg\" alt=\"whatsapp\" class=\"ArticleShare_icon__FsrC2\"\/><\/a><\/p>\n<p class=\"Typography_text-m__XI0da Typography_weight-bold__uT6mq storyline_lead_text_leadtext__q_wg8\">Die Heimniederlage gegen Ulm war Albas zweite Bundesliga-Pleite hintereinander. Dabei fehlte dem Team genau das, was es zuvor bei elf Pflichtspielsiegen in Serie noch so ausgezeichnet hatte.<\/p>\n<p class=\"Typography_text-default__P3otY Typography_weight-normal__pqUbH storyline_paragraph_p__qSR5N\">Berlin (dpa\/bb) &#8211; Der Frust bei Alba Berlin nach der zweiten Niederlage in der Basketball-Bundesliga in Serie am Samstagabend sa\u00df tief. &#8222;Das war unn\u00f6tig. Wir hatten keinen Gegner, der uns die Dinger um die Ohren geworfen hat. Jetzt geht man mit dem Gef\u00fchl raus, du hast was liegen gelassen&#8220;, sagte Gesch\u00e4ftsf\u00fchrer Marco Baldi nach der \u00e4u\u00dferst knappen 66:67-Heimpleite gegen Vizemeister ratiopharm Ulm.<\/p>\n<p>Alba-Manager fordert wieder mehr Physis<\/p>\n<p class=\"Typography_text-default__P3otY Typography_weight-normal__pqUbH storyline_paragraph_p__qSR5N\">Denn eigentlich lagen die Berliner fast die gesamte Partie in F\u00fchrung \u2013 zeitweise mit zehn Punkten. Doch gerade in der zweiten H\u00e4lfte, in der Alba in dieser Saison so oft \u00fcberzeugte, ging pl\u00f6tzlich nicht mehr viel. &#8222;Wir haben diesen Killerinstinkt, den wir bis jetzt in den Spielen gehabt haben, nicht gezeigt&#8220;, sagte Nationalspieler Malte Delow.<\/p>\n<p class=\"Typography_text-default__P3otY Typography_weight-normal__pqUbH storyline_paragraph_p__qSR5N\">Das lag f\u00fcr Baldi vor allem an einer fehlenden physischen Bereitschaft. &#8222;Ulm war physisch pr\u00e4senter als wir. Wir waren nicht mit der allerletzten Konzentration am Start und haben nicht das Allerletzte herausgeholt&#8220;, sagte er. Das besorgt ihn, denn diesen Eindruck hatte er bereits bei der vorigen Niederlage vor einer Woche in Hamburg. &#8222;Ich wei\u00df nicht, ob das jetzt nur eine kleine Delle am Ende des Jahres ist. Oder ob das auch so ein Gef\u00fchl ist, dass man alles mit reinem Basketballspiel regeln kann. Aber dazu geh\u00f6rt auch Physis und Intensit\u00e4t&#8220;, sagte er.<\/p>\n<p>Routinier Hermannsson wird vermisst<\/p>\n<p class=\"Typography_text-default__P3otY Typography_weight-normal__pqUbH storyline_paragraph_p__qSR5N\">Dem jungen und unerfahrenen Team fehlt in dieser Phase gerade so in Leader wie Spielmacher Martin Hermannsson. &#8222;Der genau in diesen Phasen, wenn ein Spiel so ein bisschen weggeht, wei\u00df, wie man das wieder zu sich holt&#8220;, sagte Baldi. Der Isl\u00e4nder fehlt aber noch bis Anfang Januar wegen einer Muskelverletzung. Bis dahin muss es auch ohne ihn gehen. Baldi setzt deshalb auf einen Lerneffekt. &#8222;Das muss man jetzt mitnehmen. Zu wissen, beim n\u00e4chsten Mal passiert dir das nicht noch einmal&#8220;, sagte er.<\/p>\n<p class=\"Typography_text-default__P3otY Typography_weight-normal__pqUbH storyline_paragraph_p__qSR5N\">Denn bis Jahresende stehen noch drei Bundesliga-Spiele in sechs Tagen an. Das n\u00e4chste am Zweiten Weihnachtsfeiertag bei den Rostock Seawolves (16.30 Uhr\/Dyn). Deshalb werden auch Festtage nur bedingt besinnlich: Jeden Tag wird trainiert.<\/p>\n<p class=\"Typography_text-s__wu_cm Typography_weight-normal__pqUbH Typography_color-darkgrey__sZEnP article-detail-footer_source__KslPc\">Quelle: dpa<\/p>\n","protected":false},"excerpt":{"rendered":"Berlin &amp; BrandenburgAlba-Frust nach n\u00e4chster Ligapleite: &#8222;War unn\u00f6tig&#8220;TeilenFolgen auf: Die Heimniederlage gegen Ulm war Albas zweite Bundesliga-Pleite hintereinander.&hellip;\n","protected":false},"author":2,"featured_media":661829,"comment_status":"","ping_status":"","sticky":false,"template":"","format":"standard","meta":{"footnotes":""},"categories":[1816],"tags":[1960,1958,1959,1957,1956,1890,29,30],"class_list":{"0":"post-661828","1":"post","2":"type-post","3":"status-publish","4":"format-standard","5":"has-post-thumbnail","7":"category-brandenburg","8":"tag-aktuelle-nachrichten-aus-berlin-und-brandenburg","9":"tag-aktuelle-nachrichten-aus-brandenburg","10":"tag-aktuelle-news-aus-berlin-und-brandenburg","11":"tag-aktuelle-news-aus-brandenburg","12":"tag-berlin-und-brandenburg","13":"tag-brandenburg","14":"tag-deutschland","15":"tag-germany"},"share_on_mastodon":{"url":"https:\/\/pubeurope.com\/@de\/115757057837436576","error":""},"_links":{"self":[{"href":"https:\/\/www.europesays.com\/de\/wp-json\/wp\/v2\/posts\/661828","targetHints":{"allow":["GET"]}}],"collection":[{"href":"https:\/\/www.europesays.com\/de\/wp-json\/wp\/v2\/posts"}],"about":[{"href":"https:\/\/www.europesays.com\/de\/wp-json\/wp\/v2\/types\/post"}],"author":[{"embeddable":true,"href":"https:\/\/www.europesays.com\/de\/wp-json\/wp\/v2\/users\/2"}],"replies":[{"embeddable":true,"href":"https:\/\/www.europesays.com\/de\/wp-json\/wp\/v2\/comments?post=661828"}],"version-history":[{"count":0,"href":"https:\/\/www.europesays.com\/de\/wp-json\/wp\/v2\/posts\/661828\/revisions"}],"wp:featuredmedia":[{"embeddable":true,"href":"https:\/\/www.europesays.com\/de\/wp-json\/wp\/v2\/media\/661829"}],"wp:attachment":[{"href":"https:\/\/www.europesays.com\/de\/wp-json\/wp\/v2\/media?parent=661828"}],"wp:term":[{"taxonomy":"category","embeddable":true,"href":"https:\/\/www.europesays.com\/de\/wp-json\/wp\/v2\/categories?post=661828"},{"taxonomy":"post_tag","embeddable":true,"href":"https:\/\/www.europesays.com\/de\/wp-json\/wp\/v2\/tags?post=661828"}],"curies":[{"name":"wp","href":"https:\/\/api.w.org\/{rel}","templated":true}]}}