{"id":661832,"date":"2025-12-21T10:22:12","date_gmt":"2025-12-21T10:22:12","guid":{"rendered":"https:\/\/www.europesays.com\/de\/661832\/"},"modified":"2025-12-21T10:22:12","modified_gmt":"2025-12-21T10:22:12","slug":"tops-und-flops-des-konzertjahres-2025","status":"publish","type":"post","link":"https:\/\/www.europesays.com\/de\/661832\/","title":{"rendered":"Tops und Flops des Konzertjahres 2025"},"content":{"rendered":"<p>Die gr\u00f6\u00dfte Halle der Stadt im<b> <\/b>Alleingang rei\u00dft <b><a data-doctype=\"beitrag\" href=\"https:\/\/www.rbb24.de\/kultur\/beitrag\/2025\/05\/konzert-frueh-kritik-tyler-the-creator-rap-hip-hop-usa-uber-arena-berlin.html\" target=\"_blank\" rel=\"noopener\">Tyler, The Creator<\/a><\/b> ab. Angefangen hat er mit richtig hartem Rap, seit ungef\u00e4hr zehn Jahren pr\u00e4gen Jazz und Soul seine Songs, alles immer vermischt und zwischen anspruchsvollem Experiment, Rap-Banger und Popsong. Die Widerspr\u00fcche des Lebens, das Raue, Kaputte, Aggressive, aber auch das Zarte, Sch\u00f6ne pr\u00e4gen seine Kunst.<\/p>\n<p>Bei seinem Konzert im Mai in der Uber Arena ist Tyler ohne Band unterwegs, zumindest auf der B\u00fchne. Denn das Publikum singt textsicher alle Hooks mit, wird bei den soulig warmen Refrains zum sch\u00f6nsten Chor der Stadt, und zum wildesten Club der Stadt, wenn brutale Trapbeats in die Halle knallen, Feuerwerksk\u00f6rper und Raketen die B\u00fchne mit Licht f\u00fcllen. Tyler rappt los, h\u00e4lt den Flow \u00fcber Rhythmus- und Harmoniewechsel hinweg, unglaublich kompliziert, hypnotisch, rauschhaft. Dieses Konzert von Tyler, the Creator in der Berliner Uber Arena ist Chaos und \u00dcberforderung, Albtraum und Liebestraum und trotzdem aus einem Guss.<\/p>\n","protected":false},"excerpt":{"rendered":"Die gr\u00f6\u00dfte Halle der Stadt im Alleingang rei\u00dft Tyler, The Creator ab. Angefangen hat er mit richtig hartem&hellip;\n","protected":false},"author":2,"featured_media":661833,"comment_status":"","ping_status":"","sticky":false,"template":"","format":"standard","meta":{"footnotes":""},"categories":[1825],"tags":[296,29,30,134994],"class_list":{"0":"post-661832","1":"post","2":"type-post","3":"status-publish","4":"format-standard","5":"has-post-thumbnail","7":"category-berlin","8":"tag-berlin","9":"tag-deutschland","10":"tag-germany","11":"tag-rbb24konzert"},"share_on_mastodon":{"url":"https:\/\/pubeurope.com\/@de\/115757065630708023","error":""},"_links":{"self":[{"href":"https:\/\/www.europesays.com\/de\/wp-json\/wp\/v2\/posts\/661832","targetHints":{"allow":["GET"]}}],"collection":[{"href":"https:\/\/www.europesays.com\/de\/wp-json\/wp\/v2\/posts"}],"about":[{"href":"https:\/\/www.europesays.com\/de\/wp-json\/wp\/v2\/types\/post"}],"author":[{"embeddable":true,"href":"https:\/\/www.europesays.com\/de\/wp-json\/wp\/v2\/users\/2"}],"replies":[{"embeddable":true,"href":"https:\/\/www.europesays.com\/de\/wp-json\/wp\/v2\/comments?post=661832"}],"version-history":[{"count":0,"href":"https:\/\/www.europesays.com\/de\/wp-json\/wp\/v2\/posts\/661832\/revisions"}],"wp:featuredmedia":[{"embeddable":true,"href":"https:\/\/www.europesays.com\/de\/wp-json\/wp\/v2\/media\/661833"}],"wp:attachment":[{"href":"https:\/\/www.europesays.com\/de\/wp-json\/wp\/v2\/media?parent=661832"}],"wp:term":[{"taxonomy":"category","embeddable":true,"href":"https:\/\/www.europesays.com\/de\/wp-json\/wp\/v2\/categories?post=661832"},{"taxonomy":"post_tag","embeddable":true,"href":"https:\/\/www.europesays.com\/de\/wp-json\/wp\/v2\/tags?post=661832"}],"curies":[{"name":"wp","href":"https:\/\/api.w.org\/{rel}","templated":true}]}}