{"id":661842,"date":"2025-12-21T10:27:13","date_gmt":"2025-12-21T10:27:13","guid":{"rendered":"https:\/\/www.europesays.com\/de\/661842\/"},"modified":"2025-12-21T10:27:13","modified_gmt":"2025-12-21T10:27:13","slug":"farbe-form-und-mode-kinder-stellen-in-der-villa-walther-aus","status":"publish","type":"post","link":"https:\/\/www.europesays.com\/de\/661842\/","title":{"rendered":"Farbe, Form und Mode \u2013 Kinder stellen in der Villa Walther aus"},"content":{"rendered":"<p>Fulda (aw) \u2013 In der Villa Walther wurde am Samstag die Ausstellung des Kinderkurses, geleitet von Lea Sporer, pr\u00e4sentiert. Gezeigt wurden Werke von jungen K\u00fcnstlerinnen und K\u00fcnstlern im Alter von acht bis zw\u00f6lf Jahren, die in den zur\u00fcckliegenden Monaten im Rahmen des Kurses entstanden waren. <\/p>\n<p>Die Ausstellung spiegelte die intensive Auseinandersetzung der Kinder mit Farbe, Form und Komposition wider. In der besonderen Atmosph\u00e4re der \u201eVilla\u201c hatten sie sich an Werken und Arbeitsweisen von Franz Erhard Walther orientiert. Zu sehen waren Arbeiten, in denen einzelne Techniken, Materialien oder gestalterische Fragestellungen aufgegriffen und eigenst\u00e4ndig weiterentwickelt worden waren. Entstanden sind Objekte und Bilder aus Holz, Papier und Modellbaukarton. Auf unterschiedlichen Wegen \u2013 durch Experimentieren, Beobachtung und dem Austausch untereinander \u2013 n\u00e4herten sich die Kinder grundlegenden Fragen der Kunst. Dabei zeigte sich eine gro\u00dfe Vielfalt an Ideen und Ausdrucksformen.&#13;<\/p>\n<p>Einen besonderen Schwerpunkt der Ausstellung bildete das Thema Mode. Dieses Thema hatten die Kinder eigenst\u00e4ndig eingebracht und auf ganz unterschiedliche Weise interpretiert. Das gro\u00dfe Interesse daran pr\u00e4gte die gezeigten Arbeiten sichtbar und sorgte f\u00fcr vielf\u00e4ltige Gestaltungsans\u00e4tze. Zwischen den verschiedenen Altersgruppen entstand dabei gegenseitige Inspiration. \u201eDiese Ausstellung ist eine wichtige Vermittlung der Arbeit, auch im Blick auf die Zukunft\u201c, betonte Johanna Walther, Textildesignerin und langj\u00e4hrige Mitarbeiterin von Franz Erhard Walther in der Er\u00f6ffnungsrede. Sie zeigte, wie Kinder \u00fcber ihre Interessen Zugang zu Kunst finden und dabei ein Verst\u00e4ndnis f\u00fcr Farbe, Form und Komposition entwickeln k\u00f6nnen. Besucherinnen und Besucher erhielten einen eindrucksvollen Einblick in die Gedankenwelt und Kreativit\u00e4t der Kinder.&#13;<\/p>\n<p>Der neue Kinderkurs beginnt am 17. Januar. Anmeldungen sind bis zum 6. Januar m\u00f6glich.<\/p>\n","protected":false},"excerpt":{"rendered":"Fulda (aw) \u2013 In der Villa Walther wurde am Samstag die Ausstellung des Kinderkurses, geleitet von Lea Sporer,&hellip;\n","protected":false},"author":2,"featured_media":661843,"comment_status":"","ping_status":"","sticky":false,"template":"","format":"standard","meta":{"footnotes":""},"categories":[1775],"tags":[1793,29,214,30,1794,215],"class_list":{"0":"post-661842","1":"post","2":"type-post","3":"status-publish","4":"format-standard","5":"has-post-thumbnail","7":"category-kunst-und-design","8":"tag-art-and-design","9":"tag-deutschland","10":"tag-entertainment","11":"tag-germany","12":"tag-kunst-und-design","13":"tag-unterhaltung"},"share_on_mastodon":{"url":"https:\/\/pubeurope.com\/@de\/115757085037153019","error":""},"_links":{"self":[{"href":"https:\/\/www.europesays.com\/de\/wp-json\/wp\/v2\/posts\/661842","targetHints":{"allow":["GET"]}}],"collection":[{"href":"https:\/\/www.europesays.com\/de\/wp-json\/wp\/v2\/posts"}],"about":[{"href":"https:\/\/www.europesays.com\/de\/wp-json\/wp\/v2\/types\/post"}],"author":[{"embeddable":true,"href":"https:\/\/www.europesays.com\/de\/wp-json\/wp\/v2\/users\/2"}],"replies":[{"embeddable":true,"href":"https:\/\/www.europesays.com\/de\/wp-json\/wp\/v2\/comments?post=661842"}],"version-history":[{"count":0,"href":"https:\/\/www.europesays.com\/de\/wp-json\/wp\/v2\/posts\/661842\/revisions"}],"wp:featuredmedia":[{"embeddable":true,"href":"https:\/\/www.europesays.com\/de\/wp-json\/wp\/v2\/media\/661843"}],"wp:attachment":[{"href":"https:\/\/www.europesays.com\/de\/wp-json\/wp\/v2\/media?parent=661842"}],"wp:term":[{"taxonomy":"category","embeddable":true,"href":"https:\/\/www.europesays.com\/de\/wp-json\/wp\/v2\/categories?post=661842"},{"taxonomy":"post_tag","embeddable":true,"href":"https:\/\/www.europesays.com\/de\/wp-json\/wp\/v2\/tags?post=661842"}],"curies":[{"name":"wp","href":"https:\/\/api.w.org\/{rel}","templated":true}]}}