{"id":661875,"date":"2025-12-21T10:47:13","date_gmt":"2025-12-21T10:47:13","guid":{"rendered":"https:\/\/www.europesays.com\/de\/661875\/"},"modified":"2025-12-21T10:47:13","modified_gmt":"2025-12-21T10:47:13","slug":"zwei-leichtverletzte-bei-schlaegerei","status":"publish","type":"post","link":"https:\/\/www.europesays.com\/de\/661875\/","title":{"rendered":"Zwei Leichtverletzte bei Schl\u00e4gerei"},"content":{"rendered":"<p class=\"paragraph --regular --color\" data-v-7b2e5916=\"\" data-v-0c32301e=\"\">Eltville. Am sp\u00e4ten Samstagabend gegen 23.30 Uhr ist es in der Eltviller Innenstadt zu einer k\u00f6rperlichen Auseinandersetzung gekommen, wie die Polizei berichtet. Nach bisherigen Erkenntnissen der Ordnungsh\u00fcter gerieten zwei M\u00e4nner in einer Gastst\u00e4tte in Streit. In der Folge verlagerte sich der Disput auf die Stra\u00dfe vor dem Lokal, wo es zwischen dem 29-j\u00e4hrigen Mann ohne festen Wohnsitz und seinem 53-j\u00e4hrigen Begleiter aus Eltville zu einer Schl\u00e4gerei kam. Die Beteiligten wurden durch Unbeteiligte getrennt und erlitten leichte Verletzungen. Zur medizinischen Abkl\u00e4rung wurden Rettungskr\u00e4fte angefordert. Da der 29-J\u00e4hrige weiterhin aggressiv war und sich nicht beruhigen lie\u00df, wurde er in Polizeigewahrsam genommen.<\/p>\n","protected":false},"excerpt":{"rendered":"Eltville. Am sp\u00e4ten Samstagabend gegen 23.30 Uhr ist es in der Eltviller Innenstadt zu einer k\u00f6rperlichen Auseinandersetzung gekommen,&hellip;\n","protected":false},"author":2,"featured_media":249696,"comment_status":"","ping_status":"","sticky":false,"template":"","format":"standard","meta":{"footnotes":""},"categories":[1847],"tags":[30522,5655,3364,29,548,663,3934,30,13,2052,30520,14,15,30516,28951,30521,12,30519,30518,30517,4544,5662],"class_list":{"0":"post-661875","1":"post","2":"type-post","3":"status-publish","4":"format-standard","5":"has-post-thumbnail","7":"category-wiesbaden","8":"tag-biblis","9":"tag-buerstadt","10":"tag-de","11":"tag-deutschland","12":"tag-eu","13":"tag-europa","14":"tag-europe","15":"tag-germany","16":"tag-headlines","17":"tag-hessen","18":"tag-landkreis-alzey-worms","19":"tag-nachrichten","20":"tag-news","21":"tag-osthofen","22":"tag-rhein-neckar","23":"tag-rheinhessen","24":"tag-schlagzeilen","25":"tag-vg-eich","26":"tag-vg-monsheim","27":"tag-vg-westhofen","28":"tag-wiesbaden","29":"tag-worms"},"share_on_mastodon":{"url":"https:\/\/pubeurope.com\/@de\/115757163810811537","error":""},"_links":{"self":[{"href":"https:\/\/www.europesays.com\/de\/wp-json\/wp\/v2\/posts\/661875","targetHints":{"allow":["GET"]}}],"collection":[{"href":"https:\/\/www.europesays.com\/de\/wp-json\/wp\/v2\/posts"}],"about":[{"href":"https:\/\/www.europesays.com\/de\/wp-json\/wp\/v2\/types\/post"}],"author":[{"embeddable":true,"href":"https:\/\/www.europesays.com\/de\/wp-json\/wp\/v2\/users\/2"}],"replies":[{"embeddable":true,"href":"https:\/\/www.europesays.com\/de\/wp-json\/wp\/v2\/comments?post=661875"}],"version-history":[{"count":0,"href":"https:\/\/www.europesays.com\/de\/wp-json\/wp\/v2\/posts\/661875\/revisions"}],"wp:featuredmedia":[{"embeddable":true,"href":"https:\/\/www.europesays.com\/de\/wp-json\/wp\/v2\/media\/249696"}],"wp:attachment":[{"href":"https:\/\/www.europesays.com\/de\/wp-json\/wp\/v2\/media?parent=661875"}],"wp:term":[{"taxonomy":"category","embeddable":true,"href":"https:\/\/www.europesays.com\/de\/wp-json\/wp\/v2\/categories?post=661875"},{"taxonomy":"post_tag","embeddable":true,"href":"https:\/\/www.europesays.com\/de\/wp-json\/wp\/v2\/tags?post=661875"}],"curies":[{"name":"wp","href":"https:\/\/api.w.org\/{rel}","templated":true}]}}