{"id":661880,"date":"2025-12-21T10:51:25","date_gmt":"2025-12-21T10:51:25","guid":{"rendered":"https:\/\/www.europesays.com\/de\/661880\/"},"modified":"2025-12-21T10:51:25","modified_gmt":"2025-12-21T10:51:25","slug":"backinfluencerin-hat-die-trennung-verarbeitet","status":"publish","type":"post","link":"https:\/\/www.europesays.com\/de\/661880\/","title":{"rendered":"Backinfluencerin hat die Trennung verarbeitet"},"content":{"rendered":"<p class=\"mb-6 text-xs md:text-m lg:text-l font-serif group-[.font-sans]:font-sans \">\n    Deutschlands ber\u00fchmteste Backinfluencerin lebte auf YouTube den Ehetraum: Sally \u00d6zcan zaubert in der Studiok\u00fcche, ihr Mann und sie necken sich liebevoll. 2023 wird bekannt, dass beide getrennte Wege gehen. Eine f\u00fcr viele Fans schockierende Nachricht. Nachdem die Unternehmerin mit 80 Mitarbeitern die Trennung lange unkommentiert lie\u00df, \u00e4u\u00dfert sie sich jetzt gegen\u00fcber der Bild-Zeitung.\n  <\/p>\n<p class=\"mb-6 text-xs md:text-m lg:text-l font-serif group-[.font-sans]:font-sans \">\n    Ihr Mann wohne noch immer nur 20 Meter von ihrem B\u00fcro entfernt. Das Sallycon Valley steht in Wagh\u00e4usel, n\u00f6rdlich von Karlsruhe. \u00d6zcan zog ihre Karriere trotz Trennungsschmerz im Jahr 2023 durch. \u201eIch bin jeden Tag zur Arbeit gefahren\u201c, erinnert sich die Influencerin an die Zeit. Ihrem Mann begegne sie jedoch gar nicht.\n  <\/p>\n<p>            \u201eDas war die sch\u00f6nste Zeit meines Lebens\u201c<\/p>\n<p class=\"mb-6 text-xs md:text-m lg:text-l font-serif group-[.font-sans]:font-sans \">\n    \u201eWenn ich jetzt nach Hause gehe, habe ich einfach Frieden daheim\u201c, beschreibt \u00d6zcan die neue Situation. Zwei Monate lang lebte \u00d6zcan bei ihrer Cousine. \u201eDas war die sch\u00f6nste Zeit meines Lebens\u201c, sagt sie r\u00fcckblickend. Sally hat zwei M\u00e4dchen, die im Jahr 2010 und im Jahr 2015 das Licht der Welt erblickten.\n  <\/p>\n<p>            Hochzeit mit 19 Jahren <\/p>\n<p class=\"mb-6 text-xs md:text-m lg:text-l font-serif group-[.font-sans]:font-sans \">\n    <a href=\"https:\/\/www.ka-news.de\/karlsruhe\/gastro-und-handel\/die-5-besten-steakhaeuser-in-baden-wuerttemberg-20-12-25-112906644\" target=\"_self\" class=\"underline \" rel=\"noopener\">Baden-W\u00fcrttemberg zieht, ebenso wie Bayern, herausragende K\u00f6che an.<\/a> 16 Jahre lang hatte \u00d6zcan mit ihrem Ehemann Murat zusammen gewohnt.\u00a0Beide kamen kurz vor dem Abitur zusammen. Als Sally 19 Jahre alt war, fand die Hochzeit statt. Sie baut sich mit Koch- und Backvideos einen Followerkreis von 2,18 Millionen Abonnenten auf. Zudem ver\u00f6ffentlicht sie Kochb\u00fccher.\n  <\/p>\n<p class=\"mb-6 text-xs md:text-m lg:text-l font-serif group-[.font-sans]:font-sans \">\n    \u00d6zcan blickt optimistisch in die Zukunft. Die Powerfrau ist f\u00fcr viele Menschen ein Vorbild und geht mit Herausforderungen konstruktiv um. 2023 erhielt sie die Wirtschaftsmedaille des Landes Baden-W\u00fcrttemberg. \u00d6zcan nutzt ihre Reichweite, um f\u00fcr Toleranz gegen\u00fcber gefl\u00fcchteter Menschen einzustehen.\n  <\/p>\n<ul data-module-id=\"DragDropModule\" class=\"flex flex-wrap justify-start group-[.no-bookmarks]:hidden\">\n<li class=\"mb-3 mr-3\">\n    Sarah-Christin Gro\u00dfmann<\/p>\n<p>      Icon Haken im Kreis gesetzt<\/p>\n<p>      Icon Plus im Kreis<\/p>\n<\/li>\n<li class=\"mb-3 mr-3\">\n    Sally \u00d6zcan<\/p>\n<p>      Icon Haken im Kreis gesetzt<\/p>\n<p>      Icon Plus im Kreis<\/p>\n<\/li>\n<li class=\"mb-3 mr-3\">\n    Deutschland<\/p>\n<p>      Icon Haken im Kreis gesetzt<\/p>\n<p>      Icon Plus im Kreis<\/p>\n<\/li>\n<\/ul>\n","protected":false},"excerpt":{"rendered":"Deutschlands ber\u00fchmteste Backinfluencerin lebte auf YouTube den Ehetraum: Sally \u00d6zcan zaubert in der Studiok\u00fcche, ihr Mann und sie&hellip;\n","protected":false},"author":2,"featured_media":661881,"comment_status":"","ping_status":"","sticky":false,"template":"","format":"standard","meta":{"footnotes":""},"categories":[1844],"tags":[1634,9492,154490,3364,29,154487,154488,30,8903,154485,154489,154486,1506],"class_list":{"0":"post-661880","1":"post","2":"type-post","3":"status-publish","4":"format-standard","5":"has-post-thumbnail","7":"category-karlsruhe","8":"tag-baden-wuerttemberg","9":"tag-bild-zeitung","10":"tag-das-sallycon-valley","11":"tag-de","12":"tag-deutschland","13":"tag-ehejahr","14":"tag-ehetraum","15":"tag-germany","16":"tag-karlsruhe","17":"tag-sally-oezcan","18":"tag-studiokueche","19":"tag-waghaeusel","20":"tag-youtube"},"share_on_mastodon":{"url":"https:\/\/pubeurope.com\/@de\/115757179563036562","error":""},"_links":{"self":[{"href":"https:\/\/www.europesays.com\/de\/wp-json\/wp\/v2\/posts\/661880","targetHints":{"allow":["GET"]}}],"collection":[{"href":"https:\/\/www.europesays.com\/de\/wp-json\/wp\/v2\/posts"}],"about":[{"href":"https:\/\/www.europesays.com\/de\/wp-json\/wp\/v2\/types\/post"}],"author":[{"embeddable":true,"href":"https:\/\/www.europesays.com\/de\/wp-json\/wp\/v2\/users\/2"}],"replies":[{"embeddable":true,"href":"https:\/\/www.europesays.com\/de\/wp-json\/wp\/v2\/comments?post=661880"}],"version-history":[{"count":0,"href":"https:\/\/www.europesays.com\/de\/wp-json\/wp\/v2\/posts\/661880\/revisions"}],"wp:featuredmedia":[{"embeddable":true,"href":"https:\/\/www.europesays.com\/de\/wp-json\/wp\/v2\/media\/661881"}],"wp:attachment":[{"href":"https:\/\/www.europesays.com\/de\/wp-json\/wp\/v2\/media?parent=661880"}],"wp:term":[{"taxonomy":"category","embeddable":true,"href":"https:\/\/www.europesays.com\/de\/wp-json\/wp\/v2\/categories?post=661880"},{"taxonomy":"post_tag","embeddable":true,"href":"https:\/\/www.europesays.com\/de\/wp-json\/wp\/v2\/tags?post=661880"}],"curies":[{"name":"wp","href":"https:\/\/api.w.org\/{rel}","templated":true}]}}