{"id":661914,"date":"2025-12-21T11:10:14","date_gmt":"2025-12-21T11:10:14","guid":{"rendered":"https:\/\/www.europesays.com\/de\/661914\/"},"modified":"2025-12-21T11:10:14","modified_gmt":"2025-12-21T11:10:14","slug":"bahn-sperrung-zwischen-koeln-und-bonn-beendet","status":"publish","type":"post","link":"https:\/\/www.europesays.com\/de\/661914\/","title":{"rendered":"Bahn-Sperrung zwischen K\u00f6ln und Bonn beendet"},"content":{"rendered":"<p class=\"small date article__date\">Ver\u00f6ffentlicht:\u00a0Sonntag, 21.12.2025 11:19<\/p>\n<p>Es ist geschafft! : Die zuglose Woche zwischen Bonn und K\u00f6ln ist vorbei. Seit Sonntagmorgen um 5 Uhr fahren der RE5, die RB26 und die RB48 wieder. Also k\u00f6nnen auch die Schienenersatz-Busse wieder in die Depots.<\/p>\n<p><img decoding=\"async\" alt=\"\" src=\"https:\/\/www.europesays.com\/de\/wp-content\/uploads\/2025\/12\/symbol_gleis_zug-010033.jpg&#038;crop=0x252x4032x2520&#038;resize=1280x800&#038;dt=201902061414120.jpeg\" data-size=\"1280x800\"\/><\/p>\n<p>Auch der Fernverkehr muss nicht mehr umgeleitet werden. Hintergrund der Sperrung ist die Nordbr\u00fccke &#8211; denn die Autobahn GmbH plant, die Br\u00fccke zu stabilisieren, und f\u00fcr diese Arbeiten musste die Bahn an der Oberleitung arbeiten. Denn die musste tiefer geh\u00e4ngt werden, auch neue Oberleitungsmasten wurden aufgestellt. Die Bahn nutze diese Sperrung dann gleich auch noch daf\u00fcr, um noch andere Baustellen anzugehen. Zum Beispiel am Bahnsteig in Bornheim-Roisdorf und Sechtem, au\u00dferdem wurden Schienen geschliffen.\u00a0<\/p>\n","protected":false},"excerpt":{"rendered":"Ver\u00f6ffentlicht:\u00a0Sonntag, 21.12.2025 11:19 Es ist geschafft! : Die zuglose Woche zwischen Bonn und K\u00f6ln ist vorbei. Seit Sonntagmorgen&hellip;\n","protected":false},"author":2,"featured_media":661915,"comment_status":"","ping_status":"","sticky":false,"template":"","format":"standard","meta":{"footnotes":""},"categories":[1842],"tags":[1739,2081,1741,3364,29,30,1209,13619,2083],"class_list":{"0":"post-661914","1":"post","2":"type-post","3":"status-publish","4":"format-standard","5":"has-post-thumbnail","7":"category-bonn","8":"tag-bahn","9":"tag-bauarbeiten","10":"tag-bonn","11":"tag-de","12":"tag-deutschland","13":"tag-germany","14":"tag-nordrhein-westfalen","15":"tag-rhein-sieg-kreis","16":"tag-sperrungen"},"share_on_mastodon":{"url":"https:\/\/pubeurope.com\/@de\/115757255031944819","error":""},"_links":{"self":[{"href":"https:\/\/www.europesays.com\/de\/wp-json\/wp\/v2\/posts\/661914","targetHints":{"allow":["GET"]}}],"collection":[{"href":"https:\/\/www.europesays.com\/de\/wp-json\/wp\/v2\/posts"}],"about":[{"href":"https:\/\/www.europesays.com\/de\/wp-json\/wp\/v2\/types\/post"}],"author":[{"embeddable":true,"href":"https:\/\/www.europesays.com\/de\/wp-json\/wp\/v2\/users\/2"}],"replies":[{"embeddable":true,"href":"https:\/\/www.europesays.com\/de\/wp-json\/wp\/v2\/comments?post=661914"}],"version-history":[{"count":0,"href":"https:\/\/www.europesays.com\/de\/wp-json\/wp\/v2\/posts\/661914\/revisions"}],"wp:featuredmedia":[{"embeddable":true,"href":"https:\/\/www.europesays.com\/de\/wp-json\/wp\/v2\/media\/661915"}],"wp:attachment":[{"href":"https:\/\/www.europesays.com\/de\/wp-json\/wp\/v2\/media?parent=661914"}],"wp:term":[{"taxonomy":"category","embeddable":true,"href":"https:\/\/www.europesays.com\/de\/wp-json\/wp\/v2\/categories?post=661914"},{"taxonomy":"post_tag","embeddable":true,"href":"https:\/\/www.europesays.com\/de\/wp-json\/wp\/v2\/tags?post=661914"}],"curies":[{"name":"wp","href":"https:\/\/api.w.org\/{rel}","templated":true}]}}