{"id":661945,"date":"2025-12-21T11:32:13","date_gmt":"2025-12-21T11:32:13","guid":{"rendered":"https:\/\/www.europesays.com\/de\/661945\/"},"modified":"2025-12-21T11:32:13","modified_gmt":"2025-12-21T11:32:13","slug":"polizei-sucht-nach-raub-und-sexueller-belaestigung-jugendliche","status":"publish","type":"post","link":"https:\/\/www.europesays.com\/de\/661945\/","title":{"rendered":"Polizei sucht nach Raub und sexueller Bel\u00e4stigung Jugendliche"},"content":{"rendered":"<p class=\"richtext text-em-55 !leading-serif mx-6 desktop:mx-0\">Im weiteren Verlauf verlangten sie demnach, dass die Jugendlichen ihnen Geld aush\u00e4ndigen, was diese verneinten. Danach soll es zum k\u00f6rperlichen \u00dcbergriff gekommen sein. \u201eAnschlie\u00dfend trennten die Aggressoren einen der Jugendlichen von seinen Begleitern. Ein Tatverd\u00e4chtiger schlug ihm ins Gesicht; zugleich wurde die Geldb\u00f6rse aus der Jackentasche des Gesch\u00e4digten gezogen und Bargeld entwendet\u201c, teilt die Polizei mit.<\/p>\n","protected":false},"excerpt":{"rendered":"Im weiteren Verlauf verlangten sie demnach, dass die Jugendlichen ihnen Geld aush\u00e4ndigen, was diese verneinten. Danach soll es&hellip;\n","protected":false},"author":2,"featured_media":661946,"comment_status":"","ping_status":"","sticky":false,"template":"","format":"standard","meta":{"footnotes":""},"categories":[1831],"tags":[154505,154504,3502,3364,29,3405,125789,30,77953,1722,1209,154503,43860,16335,64930],"class_list":{"0":"post-661945","1":"post","2":"type-post","3":"status-publish","4":"format-standard","5":"has-post-thumbnail","7":"category-duesseldorf","8":"tag-154505","9":"tag-154504","10":"tag-belaestigung","11":"tag-de","12":"tag-deutschland","13":"tag-duesseldorf","14":"tag-fahndet","15":"tag-germany","16":"tag-geschaedigten","17":"tag-jugendliche","18":"tag-nordrhein-westfalen","19":"tag-scheiss","20":"tag-sexuelle","21":"tag-tatverdaechtigen","22":"tag-unbekannten"},"share_on_mastodon":{"url":"https:\/\/pubeurope.com\/@de\/115757340680879802","error":""},"_links":{"self":[{"href":"https:\/\/www.europesays.com\/de\/wp-json\/wp\/v2\/posts\/661945","targetHints":{"allow":["GET"]}}],"collection":[{"href":"https:\/\/www.europesays.com\/de\/wp-json\/wp\/v2\/posts"}],"about":[{"href":"https:\/\/www.europesays.com\/de\/wp-json\/wp\/v2\/types\/post"}],"author":[{"embeddable":true,"href":"https:\/\/www.europesays.com\/de\/wp-json\/wp\/v2\/users\/2"}],"replies":[{"embeddable":true,"href":"https:\/\/www.europesays.com\/de\/wp-json\/wp\/v2\/comments?post=661945"}],"version-history":[{"count":0,"href":"https:\/\/www.europesays.com\/de\/wp-json\/wp\/v2\/posts\/661945\/revisions"}],"wp:featuredmedia":[{"embeddable":true,"href":"https:\/\/www.europesays.com\/de\/wp-json\/wp\/v2\/media\/661946"}],"wp:attachment":[{"href":"https:\/\/www.europesays.com\/de\/wp-json\/wp\/v2\/media?parent=661945"}],"wp:term":[{"taxonomy":"category","embeddable":true,"href":"https:\/\/www.europesays.com\/de\/wp-json\/wp\/v2\/categories?post=661945"},{"taxonomy":"post_tag","embeddable":true,"href":"https:\/\/www.europesays.com\/de\/wp-json\/wp\/v2\/tags?post=661945"}],"curies":[{"name":"wp","href":"https:\/\/api.w.org\/{rel}","templated":true}]}}