{"id":661947,"date":"2025-12-21T11:33:15","date_gmt":"2025-12-21T11:33:15","guid":{"rendered":"https:\/\/www.europesays.com\/de\/661947\/"},"modified":"2025-12-21T11:33:15","modified_gmt":"2025-12-21T11:33:15","slug":"die-fantastischen-vier-in-stuttgart","status":"publish","type":"post","link":"https:\/\/www.europesays.com\/de\/661947\/","title":{"rendered":"Die Fantastischen Vier in Stuttgart"},"content":{"rendered":"<p>Zum allj\u00e4hrlichen Vor-Weihnachtspektakel luden\u00a0<strong>Die Fantastischen Vier<\/strong>\u00a0nat\u00fcrlich in die heimische Hanns-Martin-Schleyer Halle ein. Schon weit im Voraus war die Show ausverkauft; so gab es f\u00fcr den 19.12.2025 eine Zus\u00e4tzliche \u2013 die ebenfalls direkt ausverkauft war.<\/p>\n<p>Voller Vorfreude auf den Abend, str\u00f6mten bereits ab 18 Uhr die Fans in die Halle, obwohl noch ein wenig Zeit bis zum Beginn des Konzertes war.\u00a0<\/p>\n<p>Man kann die \u201eAlle Jahre Die Da\u201c-Show schon als Tradition sehen, denn in den letzten Jahren stand immer ein Sold Out davor und die<strong>\u00a0Fanta\u2019s<\/strong>\u00a0konnten ausgelassen mit den Fans feiern.<\/p>\n<p>P\u00fcnktlich um 20:30 Uhr begann das Spektakel, aber der Vorhang wollte nicht fallen \u2013 Dies konnte zum Gl\u00fcck schnell gel\u00f6st werden und man blickte auf eine Couch, auf der Thomas D, Smudo, Michi Beck und And.Ypsilon ganz gechillt sa\u00dfen und den ersten Song \u201cFrohes Fest\u201d performen. Aber die Performance war eine ganz Andere beim n\u00e4chsten Song.\u00a0<\/p>\n<p>Denn nach schnellem Abtransport der Couch blieben nur noch die vier Jungs, ihre Band und eine riesige videowand \u00fcbrig. Aber mehr brauchten sie auch nicht.\u00a0<\/p>\n<p>Denn es war bereits der 21. Auftritt in der Schleyerhalle und die Halle bebte. Von Klassikern, wie \u201eTroy\u201c, \u201eDie Da!?\u201c oder auch \u201eMFG\u201c bis hin zur neusten Platte \u201eLong Player\u201c war alles dabei.<\/p>\n<p>Die Videowall sorgte zus\u00e4tzlich f\u00fcr coole Aufnahmen direkt von der B\u00fchne, aus dem Publikum gemischt mit coolen Effekten f\u00fcr noch mehr Stimmung und eine grandiose Atmosph\u00e4re.<\/p>\n<p>Immer wieder gab es ein Lob der\u00a0<strong>Fanta4<\/strong>\u00a0in Richtung Band, denn die Musiker kamen auch nicht zu kurz; u.A. ein starkes Gitarrensolo machte m\u00e4chtig Eindruck bei den Fans.<\/p>\n<p>So wurde die Show mit einer Gesamtl\u00e4nge von 160 Minuten wieder einmal etwas ganz Besonderes \u2013 und zwar zur einzigartigen, aber immer wiederkehrenden Tradition \u2013 nur in Stuttgart.<\/p>\n<p>Nicht ganz wiederkehrend, denn ein kleiner Wehmutstropfen war leider dennoch vorhanden.\u00a0<strong>Die Fantastischen Vier<\/strong>\u00a0haben erst vor Kurzem Ihr Karriereende mitgeteilt, aber bis 2028 gibt es zum Gl\u00fcck noch die M\u00f6glichkeit die legend\u00e4ren Jungs live zu erleben.<\/p>\n<p>Text &amp; Fotos \u00a9 by Daniel Selke<\/p>\n","protected":false},"excerpt":{"rendered":"Zum allj\u00e4hrlichen Vor-Weihnachtspektakel luden\u00a0Die Fantastischen Vier\u00a0nat\u00fcrlich in die heimische Hanns-Martin-Schleyer Halle ein. Schon weit im Voraus war die&hellip;\n","protected":false},"author":2,"featured_media":661948,"comment_status":"","ping_status":"","sticky":false,"template":"","format":"standard","meta":{"footnotes":""},"categories":[1830],"tags":[1634,3364,29,30,1441],"class_list":{"0":"post-661947","1":"post","2":"type-post","3":"status-publish","4":"format-standard","5":"has-post-thumbnail","7":"category-stuttgart","8":"tag-baden-wuerttemberg","9":"tag-de","10":"tag-deutschland","11":"tag-germany","12":"tag-stuttgart"},"share_on_mastodon":{"url":"https:\/\/pubeurope.com\/@de\/115757344725673873","error":""},"_links":{"self":[{"href":"https:\/\/www.europesays.com\/de\/wp-json\/wp\/v2\/posts\/661947","targetHints":{"allow":["GET"]}}],"collection":[{"href":"https:\/\/www.europesays.com\/de\/wp-json\/wp\/v2\/posts"}],"about":[{"href":"https:\/\/www.europesays.com\/de\/wp-json\/wp\/v2\/types\/post"}],"author":[{"embeddable":true,"href":"https:\/\/www.europesays.com\/de\/wp-json\/wp\/v2\/users\/2"}],"replies":[{"embeddable":true,"href":"https:\/\/www.europesays.com\/de\/wp-json\/wp\/v2\/comments?post=661947"}],"version-history":[{"count":0,"href":"https:\/\/www.europesays.com\/de\/wp-json\/wp\/v2\/posts\/661947\/revisions"}],"wp:featuredmedia":[{"embeddable":true,"href":"https:\/\/www.europesays.com\/de\/wp-json\/wp\/v2\/media\/661948"}],"wp:attachment":[{"href":"https:\/\/www.europesays.com\/de\/wp-json\/wp\/v2\/media?parent=661947"}],"wp:term":[{"taxonomy":"category","embeddable":true,"href":"https:\/\/www.europesays.com\/de\/wp-json\/wp\/v2\/categories?post=661947"},{"taxonomy":"post_tag","embeddable":true,"href":"https:\/\/www.europesays.com\/de\/wp-json\/wp\/v2\/tags?post=661947"}],"curies":[{"name":"wp","href":"https:\/\/api.w.org\/{rel}","templated":true}]}}