{"id":661952,"date":"2025-12-21T11:36:18","date_gmt":"2025-12-21T11:36:18","guid":{"rendered":"https:\/\/www.europesays.com\/de\/661952\/"},"modified":"2025-12-21T11:36:18","modified_gmt":"2025-12-21T11:36:18","slug":"frankfurt-am-main-weisse-weihnachten-nur-ein-mythos-und-bald-eh-geschichte","status":"publish","type":"post","link":"https:\/\/www.europesays.com\/de\/661952\/","title":{"rendered":"Frankfurt am Main | Wei\u00dfe Weihnachten \u2013 nur ein Mythos und bald eh Geschichte?"},"content":{"rendered":"<p>Frankfurt am Main (dpa) &#8211; Weihnachtskarten, romantische Filme und viele Weihnachtslieder kommen nicht ohne ihn aus: Schnee. Doch dieser macht sich zu den Feiertagen inzwischen rar. Fr\u00fcher war nicht nur gef\u00fchlt mehr Lametta, wie es beim Humoristen Loriot hie\u00df, sondern auch mehr Schnee. Wo in Deutschland k\u00f6nnen die Menschen noch auf wei\u00dfe Weihnachten hoffen?\u00a0<\/p>\n<p>Die Aussichten<\/p>\n<p>Eine genaue Wettervorhersage f\u00fcr die Weihnachtstage ist erst ganz kurz vorher m\u00f6glich. Nach der j\u00fcngsten Prognose des Deutschen Wetterdiensts (DWD) vom Sonntag k\u00f6nnte der Traum von wei\u00dfen Weihnachten in manchen Teilen S\u00fcddeutschlands eventuell in Erf\u00fcllung gehen: Demnach kommt am Mittwoch in der S\u00fcdh\u00e4lfte gebietsweise leichter Schneefall auf. Eine d\u00fcnne Schneedecke sei dann m\u00f6glich &#8211; in h\u00f6heren Lagen.<\/p>\n<p>\u00abIn den Niederungen reicht es meist nicht f\u00fcr Schnee. Dort f\u00e4llt an Heiligabend etwas Regen oder Schneeregen\u00bb, teilt DWD-Meteorologe Nico Bauer mit. Im Norden ist es demnach an Heiligabend trocken und k\u00fchl, teilweise kommt die Sonne heraus. Die H\u00f6chsttemperaturen bewegen sich \u00fcberwiegend zwischen minus und plus zwei Grad, in der Nacht zwischen plus einem und minus f\u00fcnf Grad.<\/p>\n<p>Der Langzeittrend\u00a0<\/p>\n<p>Ein Blick zur\u00fcck zeigt: \u00abDie Wahrscheinlichkeit f\u00fcr wei\u00dfe Weihnachten ist in den letzten Jahrzehnten deutlich gesunken\u00bb, sagt DWD-Experte Andreas Walter. Eine Schneedecke von mindestens einem Zentimeter an allen drei Weihnachtstagen habe es das letzte Mal 2010 in Deutschland auch im Tiefland gegeben. Vergleiche man die 30-j\u00e4hrigen Zeitr\u00e4ume 1961 bis 1990 und 1991 bis 2020, sehe man einen R\u00fcckgang der Schnee-Wahrscheinlichkeit von 15 bis 40 Prozent.<\/p>\n<p>In M\u00fcnchen zum Beispiel habe es zwischen 1961 und 1990 statistisch noch jedes dritte Jahr wei\u00dfe Weihnachten gegeben, sagt der Atmosph\u00e4renforscher Bodo Ahrens von der Universit\u00e4t Frankfurt. Zwischen 1991 und 2020 sei es nur noch etwa jedes neunte Jahr so gewesen. In Freiburg wiederum sei die Wahrscheinlichkeit f\u00fcr Schnee an Weihnachten in den vergangenen drei Dekaden von 17 auf circa 5 Prozent gesunken.<\/p>\n<p>Doch im Vergleich zu fr\u00fcheren Jahren f\u00e4llt nicht nur weniger Schnee, er schmilzt auch schneller dahin: \u00abFr\u00fcher hatte man mehr diese langanhaltenden, kalten Hochdrucklagen. Also wenn Schnee lag, dann blieb der auch eine Weile liegen\u00bb, sagt Ahrens. Heute schneie es zwar immer noch ab und zu, aber die wei\u00dfe Pracht ist von k\u00fcrzerer Dauer. \u00abDie kalten stabilen Lagen sind weniger geworden.\u00bb Ursache daf\u00fcr ist ihm zufolge die Klimaerw\u00e4rmung.\u00a0<\/p>\n<p>Wo man zumindest noch hoffen kann\u00a0<\/p>\n<p>In den Alpen und anderen H\u00f6henlagen sind wei\u00dfe Weihnachten dem DWD zufolge deutlich wahrscheinlicher als beispielsweise im Tiefland oder an den K\u00fcsten. Auch in M\u00fcnchen stehen die Chancen im Vergleich zum Alpenvorland um einiges schlechter, sagt Walter. Geringe Schnee-Wahrscheinlichkeit gebe es au\u00dferdem im Breisgau, dem Rhein-Main-Gebiet, K\u00f6ln, D\u00fcsseldorf und weiter n\u00f6rdlich in Bremen, Hamburg, Schwerin sowie an der Nord- und Ostseek\u00fcste.\u00a0<\/p>\n<p>Die Verkl\u00e4rung<\/p>\n<p>Trotzdem: in Kinderb\u00fcchern und Weihnachtsfilmen liegt oder f\u00e4llt an den Festtagen so gut wie immer Schnee. Auch viele Weihnachtslieder besingen die wei\u00dfe Pracht. \u00abDas pr\u00e4gt sich als Kind positiv ein und dann kommt es tats\u00e4chlich ja auch mal vor, so dass man die Erwartungshaltung hat, es sollte jedes Jahr so sein\u00bb, meint Ahrens.\u00a0<\/p>\n<p>Deshalb verbinden viele Menschen Weihnachten mit Schnee, obwohl die meisten in ihrem Leben viel \u00f6fter graue und nasse Weihnachten erlebt haben. \u00abNat\u00fcrlich war es fr\u00fcher, weil der Klimawandel noch nicht so zugeschlagen hat, k\u00fchler und auch k\u00e4lter an Weihnachten\u00bb, sagt Walter. Eine geschlossene Schneedecke habe es vielerorts aber da schon selten gegeben. \u00abVielleicht wird der Blick darauf immer ein bisschen verkl\u00e4rt\u00bb \u2013 weil man das sich eben w\u00fcnsche.<\/p>\n","protected":false},"excerpt":{"rendered":"Frankfurt am Main (dpa) &#8211; Weihnachtskarten, romantische Filme und viele Weihnachtslieder kommen nicht ohne ihn aus: Schnee. Doch&hellip;\n","protected":false},"author":2,"featured_media":661953,"comment_status":"","ping_status":"","sticky":false,"template":"","format":"standard","meta":{"footnotes":""},"categories":[1829],"tags":[17274,29,2050,2051,30,2052,2280,1563,12289,1973,193],"class_list":{"0":"post-661952","1":"post","2":"type-post","3":"status-publish","4":"format-standard","5":"has-post-thumbnail","7":"category-frankfurt-am-main","8":"tag-brauchtum","9":"tag-deutschland","10":"tag-frankfurt","11":"tag-frankfurt-am-main","12":"tag-germany","13":"tag-hessen","14":"tag-jahreswechsel","15":"tag-klima","16":"tag-weihnachten","17":"tag-wetter","18":"tag-wissenschaft"},"share_on_mastodon":{"url":"https:\/\/pubeurope.com\/@de\/115757356521060669","error":""},"_links":{"self":[{"href":"https:\/\/www.europesays.com\/de\/wp-json\/wp\/v2\/posts\/661952","targetHints":{"allow":["GET"]}}],"collection":[{"href":"https:\/\/www.europesays.com\/de\/wp-json\/wp\/v2\/posts"}],"about":[{"href":"https:\/\/www.europesays.com\/de\/wp-json\/wp\/v2\/types\/post"}],"author":[{"embeddable":true,"href":"https:\/\/www.europesays.com\/de\/wp-json\/wp\/v2\/users\/2"}],"replies":[{"embeddable":true,"href":"https:\/\/www.europesays.com\/de\/wp-json\/wp\/v2\/comments?post=661952"}],"version-history":[{"count":0,"href":"https:\/\/www.europesays.com\/de\/wp-json\/wp\/v2\/posts\/661952\/revisions"}],"wp:featuredmedia":[{"embeddable":true,"href":"https:\/\/www.europesays.com\/de\/wp-json\/wp\/v2\/media\/661953"}],"wp:attachment":[{"href":"https:\/\/www.europesays.com\/de\/wp-json\/wp\/v2\/media?parent=661952"}],"wp:term":[{"taxonomy":"category","embeddable":true,"href":"https:\/\/www.europesays.com\/de\/wp-json\/wp\/v2\/categories?post=661952"},{"taxonomy":"post_tag","embeddable":true,"href":"https:\/\/www.europesays.com\/de\/wp-json\/wp\/v2\/tags?post=661952"}],"curies":[{"name":"wp","href":"https:\/\/api.w.org\/{rel}","templated":true}]}}