{"id":661976,"date":"2025-12-21T11:49:17","date_gmt":"2025-12-21T11:49:17","guid":{"rendered":"https:\/\/www.europesays.com\/de\/661976\/"},"modified":"2025-12-21T11:49:17","modified_gmt":"2025-12-21T11:49:17","slug":"berlin-miles-muss-25-millionen-euro-bussgeld-zahlen-wegen-parkverstoessen-politik","status":"publish","type":"post","link":"https:\/\/www.europesays.com\/de\/661976\/","title":{"rendered":"Berlin: \u201eMiles\u201c muss 25 Millionen Euro Bu\u00dfgeld zahlen \u2013 wegen Parkverst\u00f6\u00dfen | Politik"},"content":{"rendered":"<p>Berlin\u2013 Geldsegen f\u00fcr die Berliner Landeskasse! Die Staatsanwaltschaft Berlin hat gegen einen Carsharing-Anbieter ein rekordw\u00fcrdiges Bu\u00dfgeld in H\u00f6he von 25 Millionen Euro verh\u00e4ngt! Nach BILD-Informationen handelt es sich bei dem betroffenen Unternehmen um den Autovermieter \u201eMiles\u201c. Grund: \u00dcber mehrere Jahre hinweg hat der Autovermieter seine Parkgeb\u00fchren in Berlin nicht ordnungsgem\u00e4\u00df bezahlt.<\/p>\n<p>\u25b6 Die Berliner Justizsenatorin Felor Badenberg (50, <a href=\"https:\/\/www.bild.de\/politik\/inland\/cdu\/cdu-csu-alle-infos-76661590.bild.html\" class=\"text-link\" target=\"_blank\" rel=\"noopener\">CDU<\/a>) zeigt sich zufrieden, sagte zu BILD: \u201eDer aktuelle Fall ist ein gro\u00dfartiger Erfolg und verdeutlicht, welches Potenzial in einer konsequent angewandten Verm\u00f6gensabsch\u00f6pfung liegt.\u201c<\/p>\n<p>Wie die <a href=\"https:\/\/www.bild.de\/themen\/organisationen\/staatsanwaltschaft-alle-infos-und-news-KDJzQvfvRkaBLQ0vXYpd\" class=\"text-link\" target=\"_blank\" rel=\"noopener\">Staatsanwaltschaft<\/a> Berlin mitteilte, geht es um den Zeitraum Januar 2019 bis Oktober 2023. In dieser Zeit sollen innerhalb des Unternehmens Kontrollmechanismen gefehlt haben, um Parkgeb\u00fchrenverst\u00f6\u00dfe zuverl\u00e4ssig zu erkennen und zu verhindern. Von offizieller Seite gibt es keine Angaben zu dem betroffenen Unternehmen. Dass es sich um \u201eMiles\u201c handelt, erfuhr BILD aus dem Branchenumfeld.<\/p>\n<p>Mehr zum Thema<\/p>\n<p>Konkret wurde die automatische \u00dcbermittlung von Parkgeb\u00fchrendaten zeitweise unterbrochen \u2013 mit der Folge, dass f\u00fcr eine Vielzahl geb\u00fchrenpflichtiger Parkvorg\u00e4nge keine Parkscheine gel\u00f6st wurden. Das Verfahren wurde als Ordnungswidrigkeit gef\u00fchrt, der Bu\u00dfgeldbescheid ist nach Rechtsmittelverzicht rechtskr\u00e4ftig, die Summe wurde bereits vollst\u00e4ndig an die Landeskasse \u00fcberwiesen.<\/p>\n<p>Aus Justizkreisen hei\u00dft es, dass der Fall nicht der <a href=\"https:\/\/www.bild.de\/themen\/organisationen\/organisiertes-verbrechen\/news-fotos-videos-17020940.bild.html\" class=\"text-link\" target=\"_blank\" rel=\"noopener\">Organisierten Kriminalit\u00e4t<\/a> zuzuordnen sei \u2013 gleichwohl habe er eine besondere Signalwirkung.<\/p>\n<p>Knallhart-Kurs der Justizsenatorin<\/p>\n<p>Justizsenatorin Felor Badenberg (CDU) hat den Bereich der Verm\u00f6gensabsch\u00f6pfung seit ihrem Amtsantritt deutlich ausgebaut. 43 zus\u00e4tzliche Stellen wurden bei den Ermittlungsbeh\u00f6rden geschaffen, die Einnahmen aus Verm\u00f6gensabsch\u00f6pfung stiegen alleine 2024 nahezu auf das Doppelte. F\u00fcr das laufende Jahr rechnet die Justiz sogar mit einer Vervierfachung\u00a0\u2013 auch dank des aktuellen Falls!<\/p>\n<p>Die Initiative der Senatorin zeigt also Wirkung\u00a0\u2013 zum Vergleich: Im gesamten Jahr 2023 wurden nur 4,9 Millionen Euro an Verm\u00f6gen abgesch\u00f6pft, 2024 waren es schon 8,8 Millionen Euro. Badenberg zu BILD: \u201eIm Bereich der Ordnungswidrigkeiten haben wir wirksame Instrumente, um kriminelle Gelder einzuziehen. Warum diese M\u00f6glichkeiten nicht angewendet wurden, ist nicht nachvollziehbar.\u201c<\/p>\n<p><img decoding=\"async\" width=\"992\" height=\"558\" alt=\"Greift gegen die Organisierte Kriminalit\u00e4t durch: Die Berliner Justizsenatorin Felor Badenberg\" src=\"https:\/\/www.europesays.com\/de\/wp-content\/uploads\/2025\/12\/c5965a68a45338d8c7c48240a3e45f4e,8de2b6a3\"   class=\"landscape\" loading=\"lazy\"\/><\/p>\n<p class=\"fig__caption__text\">Greift gegen die Organisierte Kriminalit\u00e4t durch: Die Berliner Justizsenatorin Felor Badenberg (50, CDU)<\/p>\n<p>Foto: Olaf Wagner<\/p>\n<p>Vor allem soll es mit der Initiative und der personellen St\u00e4rkung der Organisierten Kriminalit\u00e4t in <a href=\"https:\/\/www.bild.de\/regional\/berlin\/berlin-regional\/home-15823246.bild.html\" class=\"text-link\" target=\"_blank\" rel=\"noopener\">Berlin<\/a> an den Kragen gehen, so die Senatsverwaltung. <\/p>\n<p>Die Justizsenatorin betont: \u201eKontinuierliche Anstrengungen und eine enge Abstimmung der beteiligten Beh\u00f6rden sind notwendig, um die Handlungsf\u00e4higkeit des Staates zu zeigen. Mein Haus leistet mit der Kooperationsplattform zur Verm\u00f6gensabsch\u00f6pfung und fachlicher Expertise einen wesentlichen Beitrag, um illegal erworbenes Verm\u00f6gen einzuziehen und den Rechtsstaat sichtbar durchzusetzen.\u201c<\/p>\n","protected":false},"excerpt":{"rendered":"Berlin\u2013 Geldsegen f\u00fcr die Berliner Landeskasse! Die Staatsanwaltschaft Berlin hat gegen einen Carsharing-Anbieter ein rekordw\u00fcrdiges Bu\u00dfgeld in H\u00f6he&hellip;\n","protected":false},"author":2,"featured_media":661977,"comment_status":"","ping_status":"","sticky":false,"template":"","format":"standard","meta":{"footnotes":""},"categories":[1825],"tags":[92881,296,8186,31,29,30,4602,15517,4603,4849,121,1442,1997],"class_list":{"0":"post-661976","1":"post","2":"type-post","3":"status-publish","4":"format-standard","5":"has-post-thumbnail","7":"category-berlin","8":"tag-autovermietung","9":"tag-berlin","10":"tag-bussgeldkatalog","11":"tag-cdu","12":"tag-deutschland","13":"tag-germany","14":"tag-gluecksspiel","15":"tag-justizministerin","16":"tag-organisiertes-verbrechen","17":"tag-parken","18":"tag-polizei","19":"tag-razzia","20":"tag-staatsanwaltschaft"},"share_on_mastodon":{"url":"","error":""},"_links":{"self":[{"href":"https:\/\/www.europesays.com\/de\/wp-json\/wp\/v2\/posts\/661976","targetHints":{"allow":["GET"]}}],"collection":[{"href":"https:\/\/www.europesays.com\/de\/wp-json\/wp\/v2\/posts"}],"about":[{"href":"https:\/\/www.europesays.com\/de\/wp-json\/wp\/v2\/types\/post"}],"author":[{"embeddable":true,"href":"https:\/\/www.europesays.com\/de\/wp-json\/wp\/v2\/users\/2"}],"replies":[{"embeddable":true,"href":"https:\/\/www.europesays.com\/de\/wp-json\/wp\/v2\/comments?post=661976"}],"version-history":[{"count":0,"href":"https:\/\/www.europesays.com\/de\/wp-json\/wp\/v2\/posts\/661976\/revisions"}],"wp:featuredmedia":[{"embeddable":true,"href":"https:\/\/www.europesays.com\/de\/wp-json\/wp\/v2\/media\/661977"}],"wp:attachment":[{"href":"https:\/\/www.europesays.com\/de\/wp-json\/wp\/v2\/media?parent=661976"}],"wp:term":[{"taxonomy":"category","embeddable":true,"href":"https:\/\/www.europesays.com\/de\/wp-json\/wp\/v2\/categories?post=661976"},{"taxonomy":"post_tag","embeddable":true,"href":"https:\/\/www.europesays.com\/de\/wp-json\/wp\/v2\/tags?post=661976"}],"curies":[{"name":"wp","href":"https:\/\/api.w.org\/{rel}","templated":true}]}}