{"id":661988,"date":"2025-12-21T11:57:12","date_gmt":"2025-12-21T11:57:12","guid":{"rendered":"https:\/\/www.europesays.com\/de\/661988\/"},"modified":"2025-12-21T11:57:12","modified_gmt":"2025-12-21T11:57:12","slug":"green-bay-packers-bangen-um-quarterback-jordan-love","status":"publish","type":"post","link":"https:\/\/www.europesays.com\/de\/661988\/","title":{"rendered":"Green Bay Packers bangen um Quarterback Jordan Love"},"content":{"rendered":"<p class=\"css-1q8kfuz\">Die Regular Season geht in ihre Crunchtime. Und ausgerechnet jetzt k\u00f6nnte Jordan Love den Green Bay Packers fehlen.<\/p>\n<p class=\"css-1cmglxz\">Der Frust bei den <a href=\"https:\/\/www.ran.de\/sports\/teams\/te3060?from=\/sports\/american-football\/nfl\/teams\" target=\"_blank\" rel=\"noopener\">Green Bay Packers<\/a>\u00a0ist gro\u00df. Sehr gro\u00df.<\/p>\n<p class=\"css-1cmglxz\">Nicht nur wegen der bitteren Pleite bei den Chicago Bears, denn eigentlich h\u00e4tten die Packers dieses Division-Duell in Week 16 der <a href=\"https:\/\/www.ran.de\/sports\/american-football\/nfl\" target=\"_blank\" rel=\"noopener\">NFL<\/a> gewinnen m\u00fcssen.<\/p>\n<p class=\"css-1cmglxz\">Doch neben dem Spiel verlor Green Bay auch noch Quarterback Jordan Love mit dem Verdacht auf Gehirnersch\u00fctterung. Love befindet sich jetzt im Concussion Protocol.<\/p>\n<p class=\"css-1cmglxz\">Hei\u00dft f\u00fcr die Packers: Erst im Laufe der Woche wird feststehen, ob Love im n\u00e4chsten Spiel am Sonntag gegen die Baltimore Ravens auflaufen kann. Es ist ein wichtiges Spiel, denn mit einer 9-5-1-Bilanz sind die Playoffs noch nicht fix.<\/p>\n<p class=\"css-1cmglxz\">Love hatte im zweiten Viertel <a data-li-document-ref=\"601590\" href=\"https:\/\/www.ran.de\/sports\/american-football\/nfl\/news\/nfl-philadelphia-eagles-holen-nfc-east-packers-zittern-um-jordan-love-nach-drama-gegen-die-bears-601590\" target=\"_blank\" rel=\"noopener\">bei der 16:22-Niederlage nach Overtime<\/a> einen Helmet-to-Helmet-Treffer von Defensive End Austin Booker kassiert.<\/p>\n<p class=\"css-1cmglxz\">Malik Willis kam f\u00fcr Love aufs Feld und brachte neun von elf P\u00e4ssen f\u00fcr 121 Yards und einen Touchdown auf Romeo Doubs an. In der Overtime leistete er sich allerdings einen folgenschweren Fumble, der den Ballbesitz der Packers beendete.<\/p>\n<p class=\"css-1cmglxz\">Als Starter hat Love seit 2023 kaum Spiele verpasst \u2013 genau genommen nur zwei. In seiner ersten Saison f\u00fchrte er die Packers noch ohne Unterbrechung durch alle Partien, ehe ihn in der Vorsaison eine Knieverletzung stoppte, zugezogen im letzten Drive des Season Openers gegen die Eagles in Brasilien. Die Folge: Zwangspause in den Weeks 2 und 3. Gut m\u00f6glich, dass er jetzt wieder ausf\u00e4llt.<\/p>\n","protected":false},"excerpt":{"rendered":"Die Regular Season geht in ihre Crunchtime. Und ausgerechnet jetzt k\u00f6nnte Jordan Love den Green Bay Packers fehlen.&hellip;\n","protected":false},"author":2,"featured_media":661989,"comment_status":"","ping_status":"","sticky":false,"template":"","format":"standard","meta":{"footnotes":""},"categories":[136],"tags":[29,30,4547,154513,4550,265],"class_list":{"0":"post-661988","1":"post","2":"type-post","3":"status-publish","4":"format-standard","5":"has-post-thumbnail","7":"category-sport","8":"tag-deutschland","9":"tag-germany","10":"tag-green-bay-packers","11":"tag-jordan-love","12":"tag-nfl","13":"tag-sport"},"share_on_mastodon":{"url":"https:\/\/pubeurope.com\/@de\/115757438990771089","error":""},"_links":{"self":[{"href":"https:\/\/www.europesays.com\/de\/wp-json\/wp\/v2\/posts\/661988","targetHints":{"allow":["GET"]}}],"collection":[{"href":"https:\/\/www.europesays.com\/de\/wp-json\/wp\/v2\/posts"}],"about":[{"href":"https:\/\/www.europesays.com\/de\/wp-json\/wp\/v2\/types\/post"}],"author":[{"embeddable":true,"href":"https:\/\/www.europesays.com\/de\/wp-json\/wp\/v2\/users\/2"}],"replies":[{"embeddable":true,"href":"https:\/\/www.europesays.com\/de\/wp-json\/wp\/v2\/comments?post=661988"}],"version-history":[{"count":0,"href":"https:\/\/www.europesays.com\/de\/wp-json\/wp\/v2\/posts\/661988\/revisions"}],"wp:featuredmedia":[{"embeddable":true,"href":"https:\/\/www.europesays.com\/de\/wp-json\/wp\/v2\/media\/661989"}],"wp:attachment":[{"href":"https:\/\/www.europesays.com\/de\/wp-json\/wp\/v2\/media?parent=661988"}],"wp:term":[{"taxonomy":"category","embeddable":true,"href":"https:\/\/www.europesays.com\/de\/wp-json\/wp\/v2\/categories?post=661988"},{"taxonomy":"post_tag","embeddable":true,"href":"https:\/\/www.europesays.com\/de\/wp-json\/wp\/v2\/tags?post=661988"}],"curies":[{"name":"wp","href":"https:\/\/api.w.org\/{rel}","templated":true}]}}