{"id":662026,"date":"2025-12-21T12:17:12","date_gmt":"2025-12-21T12:17:12","guid":{"rendered":"https:\/\/www.europesays.com\/de\/662026\/"},"modified":"2025-12-21T12:17:12","modified_gmt":"2025-12-21T12:17:12","slug":"tausende-menschen-verfolgen-wintersonnenwende-in-stonehenge","status":"publish","type":"post","link":"https:\/\/www.europesays.com\/de\/662026\/","title":{"rendered":"Tausende Menschen verfolgen Wintersonnenwende in Stonehenge"},"content":{"rendered":"<p>Salisbury (dpa) &#8211; Tausende Menschen haben am weltber\u00fchmten Monument Stonehenge im englischen Salisbury traditionell die Wintersonnenwende gefeiert. Sie begr\u00fc\u00dften dort am Sonntagmorgen den Sonnenaufgang, der den k\u00fcrzesten Tag des Jahres einl\u00e4utet. Auf Bildern ist zu sehen, wie die zahlreichen Besucher rund um den ber\u00fchmten Steinkreis tanzen, singen und musizieren. Mit der Wintersonnenwende werden die Tage nun wieder l\u00e4nger.<\/p>\n<p>Der BBC zufolge nahmen mehr als 8.000 Menschen an dem Spektakel teil, ab 5.15. Uhr wurden die Besucher zu dem Monument gelassen. Mit der Errichtung von Stonehenge wurde vor etwa 5.000 Jahren begonnen. Der Steinkreis geh\u00f6rt zu den bekanntesten Wahrzeichen Gro\u00dfbritanniens. Die Steine sind exakt auf den Sonnenstand der Sommer- und Wintersonnenwende ausgerichtet.<\/p>\n<p>Es wird angenommen, dass die beiden Tage bereits seit Tausenden von Jahren dort gefeiert werden. Wozu die Steinkolosse tats\u00e4chlich gedacht waren, ist aber bis heute unklar. Der Steinkreis ist Teil einer ganzen Reihe von Bauwerken aus der Stein- und Bronzezeit in der Umgebung.<\/p>\n<p>Mit der Wintersonnenwende beginnt der astronomische oder kalendarische Winter. Danach werden die Tage wieder l\u00e4nger. Im Gegensatz dazu startet der meteorologische Winter aus rein statistischen Gr\u00fcnden grunds\u00e4tzlich schon am 1. Dezember.<\/p>\n","protected":false},"excerpt":{"rendered":"Salisbury (dpa) &#8211; Tausende Menschen haben am weltber\u00fchmten Monument Stonehenge im englischen Salisbury traditionell die Wintersonnenwende gefeiert. Sie&hellip;\n","protected":false},"author":2,"featured_media":662027,"comment_status":"","ping_status":"","sticky":false,"template":"","format":"standard","meta":{"footnotes":""},"categories":[1843],"tags":[154521,3364,29,22935,30,4766,13599,8970,6237,1209,81013,1973,4951],"class_list":{"0":"post-662026","1":"post","2":"type-post","3":"status-publish","4":"format-standard","5":"has-post-thumbnail","7":"category-muenster","8":"tag-winteranfang","9":"tag-de","10":"tag-deutschland","11":"tag-fest-kultur","12":"tag-germany","13":"tag-grobritannien","14":"tag-jahreszeiten","15":"tag-muenster","16":"tag-natur","17":"tag-nordrhein-westfalen","18":"tag-stonehenge","19":"tag-wetter","20":"tag-winter"},"share_on_mastodon":{"url":"https:\/\/pubeurope.com\/@de\/115757517850814132","error":""},"_links":{"self":[{"href":"https:\/\/www.europesays.com\/de\/wp-json\/wp\/v2\/posts\/662026","targetHints":{"allow":["GET"]}}],"collection":[{"href":"https:\/\/www.europesays.com\/de\/wp-json\/wp\/v2\/posts"}],"about":[{"href":"https:\/\/www.europesays.com\/de\/wp-json\/wp\/v2\/types\/post"}],"author":[{"embeddable":true,"href":"https:\/\/www.europesays.com\/de\/wp-json\/wp\/v2\/users\/2"}],"replies":[{"embeddable":true,"href":"https:\/\/www.europesays.com\/de\/wp-json\/wp\/v2\/comments?post=662026"}],"version-history":[{"count":0,"href":"https:\/\/www.europesays.com\/de\/wp-json\/wp\/v2\/posts\/662026\/revisions"}],"wp:featuredmedia":[{"embeddable":true,"href":"https:\/\/www.europesays.com\/de\/wp-json\/wp\/v2\/media\/662027"}],"wp:attachment":[{"href":"https:\/\/www.europesays.com\/de\/wp-json\/wp\/v2\/media?parent=662026"}],"wp:term":[{"taxonomy":"category","embeddable":true,"href":"https:\/\/www.europesays.com\/de\/wp-json\/wp\/v2\/categories?post=662026"},{"taxonomy":"post_tag","embeddable":true,"href":"https:\/\/www.europesays.com\/de\/wp-json\/wp\/v2\/tags?post=662026"}],"curies":[{"name":"wp","href":"https:\/\/api.w.org\/{rel}","templated":true}]}}