{"id":662041,"date":"2025-12-21T12:25:12","date_gmt":"2025-12-21T12:25:12","guid":{"rendered":"https:\/\/www.europesays.com\/de\/662041\/"},"modified":"2025-12-21T12:25:12","modified_gmt":"2025-12-21T12:25:12","slug":"ukraine-tod-und-zerstoerung-statt-weihnachtsfrieden","status":"publish","type":"post","link":"https:\/\/www.europesays.com\/de\/662041\/","title":{"rendered":"Ukraine: Tod und Zerst\u00f6rung statt Weihnachtsfrieden"},"content":{"rendered":"<p>Auch im vierten Kriegswinter ist die Ukraine noch weit von einem Weihnachtsfrieden entfernt: Die humanit\u00e4re Lage spitze sich weiter dramatisch zu, berichtete der Wiener Caritasdirektor Klaus Schwertner, der soeben von einer sechst\u00e4gigen Solidarit\u00e4tsreise zur\u00fcckgekehrt ist. <\/p>\n<p>     <a href=\"https:\/\/www.vaticannews.va\/de\/welt\/news\/2025-12\/argentinien-bischoefe-heilig-unternehmen-enrique-shaw.html\" title=\"Argentinien: Bisch\u00f6fe feiern \u201eheiligen Unternehmer\u201c\" rel=\"nofollow noopener\" target=\"_blank\"><\/p>\n<p>        <img decoding=\"async\" src=\"data:image\/gif;base64,R0lGODlhAQABAIAAAAAAAP\/\/\/yH5BAEAAAAALAAAAAABAAEAAAIBRAA7\" data-original=\"https:\/\/www.vaticannews.va\/content\/dam\/vaticannews\/multimedia\/2025\/gennaio\/14\/01.jpg\/_jcr_content\/renditions\/cq5dam.thumbnail.cropped.500.281.jpeg\" alt=\"Argentinien: Bisch\u00f6fe feiern \u201eheiligen Unternehmer\u201c\"\/><\/p>\n<p>      <\/a><\/p>\n<p>\n      Die katholische Kirche in Argentinien blickt mit gro\u00dfer Freude auf eine Entscheidung aus Rom: Die Bischofskonferenz (CEA) begr\u00fc\u00dfte die Promulgation des Dekrets des Dikasteriums f\u00fcr &#8230;\n     <\/p>\n<p>Statt Weihnachtsfrieden herrsche Tod, Verzweiflung und Zerst\u00f6rung; 12,7 Millionen Menschen seien auf t\u00e4gliche humanit\u00e4re Hilfe angewiesen. Insbesondere Kinder und \u00e4ltere Menschen litten unter der Not und den t\u00e4glichen Angriffen, berichtete Schwertner in einer Aussendung der Caritas der Erzdi\u00f6zese Wien vom Sonntag. \u201eW\u00e4hrend internationale Hilfen zur\u00fcckgehen, ist der Bedarf an humanit\u00e4rer Notversorgung und psychosozialer Hilfe nach fast vier Jahren Angriffskrieg gr\u00f6\u00dfer denn je\u201c.<\/p>\n<p>Reise nach Odessa und in andere Gebiete <\/p>\n<p>Besucht hatte das Caritas-Team um Direktor Schwertner unter anderem das s\u00fcdukrainische Odessa, wo es in der Nacht vom 12. auf den 13. Dezember zum heftigsten Angriff seit Beginn des Krieges 2022 kam. Es musste der Notstand in der Region ausgerufen werden, zehntausende Menschen harrten weiterhin ohne Strom, Heizung und Wasser in ihren Wohnungen aus.<\/p>\n<p>Dabei beschr\u00e4nke sich die Not keinesfalls nur auf diese Region und die Ostukraine: auch im westukrainischen Ternopil sei es vor einigen Wochen zu einem Luftangriff gekommen, bei dem 120 Wohnungen zerst\u00f6rt wurden und mehr als 60 Menschen ums Leben kamen. Auch hier habe die Caritas sofort geholfen, jedoch: \u201eEs sind Luftangriffe wie diese, die schmerzhaft deutlich machen, dass der Krieg auch fernab der Frontlinie Tod, Trauer und Zerst\u00f6rung verursacht.\u201c<\/p>\n<p>USA-R\u00fcckzug aus humanit\u00e4rer Hilfe <\/p>\n<p>Die Situation im vierten Kriegswinter werde zus\u00e4tzlich durch den R\u00fcckzug der USA aus der humanit\u00e4ren Hilfe erschwert. Auch andere L\u00e4nder h\u00e4tten ihre Hilfe eingestellt. \u201eDie Menschen haben Angst, dass sie von der Welt vergessen werden\u201c, unterstrich Schwertner. Auch einige Caritas-Projekte bangten um ihre Finanzierung. Dabei sei nachhaltige Hilfe dringend weiterhin n\u00f6tig &#8211; speziell im Blick auf die Schw\u00e4chsten, die Kinder. F\u00fcr diese sei die Belastung etwa durch die permanenten Luftangriffe, Alarme und N\u00e4chte im Bunker enorm und \u201edie psychologischen Folgen verheerend\u201c. Hier leiste die Caritas ebenso wichtige Arbeit &#8211; eine Hilfe, die ankomme, versicherte Schwertner; und er appellierte, in dieser Hilfe nicht nachzulassen: \u201eDas ist kein Sprint, das ist ein Marathon. In Wahrheit ist es ein Ultrahilfsmarathon, den \u00d6sterreich und Europa laufen m\u00fcssen\u201c. Daher rief Schwertner die Bundesregierung auf, zus\u00e4tzliche Mittel aus dem Auslandskatastrophenfonds bereitzustellen. Auch brauche es weiter Spenden aus der Bev\u00f6lkerung.<\/p>\n<p>(kap \u2013 pr)<br \/>\u00a0<\/p>\n","protected":false},"excerpt":{"rendered":"Auch im vierten Kriegswinter ist die Ukraine noch weit von einem Weihnachtsfrieden entfernt: Die humanit\u00e4re Lage spitze sich&hellip;\n","protected":false},"author":2,"featured_media":662042,"comment_status":"","ping_status":"","sticky":false,"template":"","format":"standard","meta":{"footnotes":""},"categories":[4012],"tags":[331,332,2529,13,4046,14,15,307,12,317,12289],"class_list":{"0":"post-662041","1":"post","2":"type-post","3":"status-publish","4":"format-standard","5":"has-post-thumbnail","7":"category-ukraine","8":"tag-aktuelle-nachrichten","9":"tag-aktuelle-news","10":"tag-caritas","11":"tag-headlines","12":"tag-krieg","13":"tag-nachrichten","14":"tag-news","15":"tag-russland","16":"tag-schlagzeilen","17":"tag-ukraine","18":"tag-weihnachten"},"share_on_mastodon":{"url":"https:\/\/pubeurope.com\/@de\/115757549204714120","error":""},"_links":{"self":[{"href":"https:\/\/www.europesays.com\/de\/wp-json\/wp\/v2\/posts\/662041","targetHints":{"allow":["GET"]}}],"collection":[{"href":"https:\/\/www.europesays.com\/de\/wp-json\/wp\/v2\/posts"}],"about":[{"href":"https:\/\/www.europesays.com\/de\/wp-json\/wp\/v2\/types\/post"}],"author":[{"embeddable":true,"href":"https:\/\/www.europesays.com\/de\/wp-json\/wp\/v2\/users\/2"}],"replies":[{"embeddable":true,"href":"https:\/\/www.europesays.com\/de\/wp-json\/wp\/v2\/comments?post=662041"}],"version-history":[{"count":0,"href":"https:\/\/www.europesays.com\/de\/wp-json\/wp\/v2\/posts\/662041\/revisions"}],"wp:featuredmedia":[{"embeddable":true,"href":"https:\/\/www.europesays.com\/de\/wp-json\/wp\/v2\/media\/662042"}],"wp:attachment":[{"href":"https:\/\/www.europesays.com\/de\/wp-json\/wp\/v2\/media?parent=662041"}],"wp:term":[{"taxonomy":"category","embeddable":true,"href":"https:\/\/www.europesays.com\/de\/wp-json\/wp\/v2\/categories?post=662041"},{"taxonomy":"post_tag","embeddable":true,"href":"https:\/\/www.europesays.com\/de\/wp-json\/wp\/v2\/tags?post=662041"}],"curies":[{"name":"wp","href":"https:\/\/api.w.org\/{rel}","templated":true}]}}