{"id":662043,"date":"2025-12-21T12:26:17","date_gmt":"2025-12-21T12:26:17","guid":{"rendered":"https:\/\/www.europesays.com\/de\/662043\/"},"modified":"2025-12-21T12:26:17","modified_gmt":"2025-12-21T12:26:17","slug":"vergeltung-gegen-den-is-trumps-kehrtwende-usa-blasen-rueckzug-aus-syrien-ab","status":"publish","type":"post","link":"https:\/\/www.europesays.com\/de\/662043\/","title":{"rendered":"Vergeltung gegen den IS: Trumps Kehrtwende: USA blasen R\u00fcckzug aus Syrien ab"},"content":{"rendered":"<p>\t\t\t\t\t\t\t\t\t\t\t\t\t\t\t\t\t\t\t\t\t\t\t\t\t\t\t\t      \t\t            \t\t             \t\t\t\t   \t\t\t\t\t   <img decoding=\"async\" id=\"article-image\" fetchpriority=\"high\" alt=\"Vergeltung gegen den IS: Trumps Kehrtwende: USA blasen R\u00fcckzug aus Syrien ab\" title=\"Vergeltung gegen den IS: Trumps Kehrtwende: USA blasen R\u00fcckzug aus Syrien ab\" src=\"https:\/\/www.europesays.com\/de\/wp-content\/uploads\/2025\/12\/media.media.442607e6-058d-483d-bff4-aa86d53d1d89.16x9_700.jpg\" data-linkto=\"https:\/\/www.stuttgarter-nachrichten.de\/javascript:void(0);\"\/>\t\t\t\t\t\t\t\t\t\t\t\t\t\t\t\t\t\t\t\t\t\t\t\tDonald Trump gibt dem syrischen \u00dcbergangspr\u00e4sidenten Ahmed al-Scharaa politisch und milit\u00e4risch R\u00fcckhalt.\u00a0Foto: HOGP\/AP\/dpa\t\t\t<\/p>\n<p>US-Pr\u00e4sident Trump befiehlt einen Vergeltungsschlag gegen den IS in Syrien. Das amerikanische Engagement im Nahen Osten w\u00e4chst wieder: vor allem im fr\u00fcheren B\u00fcrgerkriegsland.<\/p>\n<p>Die USA blasen ihren geplanten R\u00fcckzug aus <a href=\"https:\/\/www.stuttgarter-nachrichten.de\/thema\/Syrien\" title=\"Syrien\" class=\"art_thema\" rel=\"nofollow noopener\" target=\"_blank\">Syrien<\/a> ab und verst\u00e4rken stattdessen ihr Engagement in dem strategisch wichtigen Nahost-Land. Kampfflugzeuge, Hubschrauber und Raketen der USA griffen am Freitag mehr als 70 Verstecke des Islamischen Staates in Syrien an, um den Tod von drei Amerikanern bei einem <a href=\"https:\/\/www.stuttgarter-nachrichten.de\/thema\/Islamischer_Staat\" title=\"IS\" class=\"art_thema\" rel=\"nofollow noopener\" target=\"_blank\">IS<\/a>-Anschlag letzte Woche zu r\u00e4chen.<\/p>\n<p> Konservative in den USA fordern zwar den sofortigen R\u00fcckzug der 1000 US-Soldaten aus Syrien, doch Pr\u00e4sident <a href=\"https:\/\/www.stuttgarter-nachrichten.de\/thema\/Donald_Trump\" title=\"Donald Trump\" class=\"art_thema\" rel=\"nofollow noopener\" target=\"_blank\">Donald Trump<\/a> will die US-Milit\u00e4rpr\u00e4senz dort zumindest vorerst beibehalten. Im Wahlkampf hatte er noch angek\u00fcndigt, die Verwicklung der USA in Kriege anderer Weltgegenden zu beenden, doch im Nahen Osten tut er seit Beginn seiner zweiten Amtszeit das Gegenteil. <\/p>\n<p>Sein Friedensplan f\u00fcr Gaza sieht die Ernennung eines US-Generals zum Befehlshaber der geplanten internationalen Schutztruppe f\u00fcr den K\u00fcstenstreifen vor. Trump befahl auch eine amerikanische Beteiligung am israelischen Angriff auf den Iran im Juni und gab dem Emirat Katar eine amerikanische Schutzzusage auf dem Niveau des Nato-Beistandsversprechens.<\/p>\n<p>R\u00fcckhalt f\u00fcr \u00dcbergangspr\u00e4sidenten <\/p>\n<p>In Syrien unterst\u00fctzt Trump die Regierung von \u00dcbergangspr\u00e4sident Ahmed al-Scharaa. Washington hat die Sanktionen gegen Syrien aufgehoben und betrachtet Scharaa als wichtigen Partner. Syrien grenzt an Israel, den Libanon, die T\u00fcrkei, den Irak und Jordanien und hat damit eine Schl\u00fcsselposition f\u00fcr die Region. Die USA hatten vor elf Jahren erstmals Truppen nach Syrien geschickt, um den Islamischem Staat zu bek\u00e4mpfen. Washington verb\u00fcndete sich im Nordosten mit der kurdisch dominierten Gruppe Syrische Demokratische Streitkr\u00e4fte (SDF), die als Bodentruppe im Krieg gegen den IS fungierte. Vor knapp sieben Jahren verlor der IS seinen letzten St\u00fctzpunkt in Syrien.<\/p>\n<p>Seitdem besteht die Aufgabe der US-Soldaten darin, den Islamischen Staat in Schach zu halten. Die Dschihadisten erhalten wegen der Instabilit\u00e4t in Syrien nach dem Sturz von Diktator Baschar al-Assad vor einem Jahr neuen Aufwind. Allein in den letzten sechs Monaten hat das US-Milit\u00e4r nach eigenen Angaben in Syrien mehr als 80 Mal gegen den IS zugeschlagen. <\/p>\n<p>Ein IS-Anh\u00e4nger, der in die neuen syrischen Streitkr\u00e4fte eingetreten war, t\u00f6tete vor einer Woche zwei amerikanische Soldaten und einen US-Dolmetscher. Trump k\u00fcndigte Rache an. Dagegen verlangte die konservative US-Denkfabrik Cato Institute, alle amerikanischen Soldaten sollten aus Syrien heimkehren. Andernfalls werde es weitere \u201eDesaster\u201c wie den j\u00fcngsten IS-Angriff geben.<\/p>\n<p>Die amerikanische Regierung will diesem Rat nicht folgen, ihre Anh\u00e4nger vor den Kongresswahlen im November aber beruhigen. Der Vergeltungsschlag gegen den IS vom Freitag l\u00e4ute keinen neuen Krieg ein, erkl\u00e4rte Trumps Kriegsminister Pete Hegseth. Der US-Milit\u00e4rschlag habe viele Feinde Amerikas get\u00f6tet. \u201eWir werden weitermachen.\u201c<\/p>\n<p> Luftwaffenbasis bei Damaskus im Visier <\/p>\n<p>Von dem geplanten Truppenabzug ist keine Rede mehr. Amerikanische Soldaten seien in Syrien, um den IS endg\u00fcltig zu besiegen und Anschl\u00e4ge in den USA zu verhindern, erkl\u00e4rte Trumps Syrien-Beauftragter Tom Barrack vor kurzem. Washington will laut der Agentur Reuters sogar Soldaten auf eine Luftwaffenbasis bei Damaskus verlegen. Dort sollen die Amerikaner helfen, die Spannungen zwischen Syrien und dem US-Partner Israel beizulegen. Israel greift seit dem Machtwechsel in Damaskus immer wieder Ziele in Syrien aus der Luft an, um Stellungen islamistischer Gruppen zu zerst\u00f6ren, und h\u00e4lt Teile des syrischen Staatsgebietes in der N\u00e4he der annektierten Golan-H\u00f6hen besetzt. <\/p>\n<p>Auch die syrische Innenpolitik h\u00e4lt die US-Soldaten in Syrien, weil Scharaas Armee von Dschihadisten unterwandert ist, wie der Anschlag auf die US-Soldaten offenbarte.<\/p>\n","protected":false},"excerpt":{"rendered":"Donald Trump gibt dem syrischen \u00dcbergangspr\u00e4sidenten Ahmed al-Scharaa politisch und milit\u00e4risch R\u00fcckhalt.\u00a0Foto: HOGP\/AP\/dpa US-Pr\u00e4sident Trump befiehlt einen Vergeltungsschlag&hellip;\n","protected":false},"author":2,"featured_media":662044,"comment_status":"","ping_status":"","sticky":false,"template":"","format":"standard","meta":{"footnotes":""},"categories":[3977],"tags":[21130,82069,331,332,106,13,14,15,12,58,4017,4018,4016,64,4019,4020],"class_list":{"0":"post-662043","1":"post","2":"type-post","3":"status-publish","4":"format-standard","5":"has-post-thumbnail","7":"category-usa","8":"tag-islamischer-staat","9":"tag-ahmed-al-scharaa","10":"tag-aktuelle-nachrichten","11":"tag-aktuelle-news","12":"tag-donald-trump","13":"tag-headlines","14":"tag-nachrichten","15":"tag-news","16":"tag-schlagzeilen","17":"tag-syrien","18":"tag-united-states","19":"tag-united-states-of-america","20":"tag-us","21":"tag-usa","22":"tag-vereinigte-staaten","23":"tag-vereinigte-staaten-von-amerika"},"share_on_mastodon":{"url":"https:\/\/pubeurope.com\/@de\/115757554587305647","error":""},"_links":{"self":[{"href":"https:\/\/www.europesays.com\/de\/wp-json\/wp\/v2\/posts\/662043","targetHints":{"allow":["GET"]}}],"collection":[{"href":"https:\/\/www.europesays.com\/de\/wp-json\/wp\/v2\/posts"}],"about":[{"href":"https:\/\/www.europesays.com\/de\/wp-json\/wp\/v2\/types\/post"}],"author":[{"embeddable":true,"href":"https:\/\/www.europesays.com\/de\/wp-json\/wp\/v2\/users\/2"}],"replies":[{"embeddable":true,"href":"https:\/\/www.europesays.com\/de\/wp-json\/wp\/v2\/comments?post=662043"}],"version-history":[{"count":0,"href":"https:\/\/www.europesays.com\/de\/wp-json\/wp\/v2\/posts\/662043\/revisions"}],"wp:featuredmedia":[{"embeddable":true,"href":"https:\/\/www.europesays.com\/de\/wp-json\/wp\/v2\/media\/662044"}],"wp:attachment":[{"href":"https:\/\/www.europesays.com\/de\/wp-json\/wp\/v2\/media?parent=662043"}],"wp:term":[{"taxonomy":"category","embeddable":true,"href":"https:\/\/www.europesays.com\/de\/wp-json\/wp\/v2\/categories?post=662043"},{"taxonomy":"post_tag","embeddable":true,"href":"https:\/\/www.europesays.com\/de\/wp-json\/wp\/v2\/tags?post=662043"}],"curies":[{"name":"wp","href":"https:\/\/api.w.org\/{rel}","templated":true}]}}