{"id":662061,"date":"2025-12-21T12:36:16","date_gmt":"2025-12-21T12:36:16","guid":{"rendered":"https:\/\/www.europesays.com\/de\/662061\/"},"modified":"2025-12-21T12:36:16","modified_gmt":"2025-12-21T12:36:16","slug":"bundespraesident-verleiht-wolfgang-braun-das-bundesverdienstkreuz","status":"publish","type":"post","link":"https:\/\/www.europesays.com\/de\/662061\/","title":{"rendered":"Bundespr\u00e4sident verleiht Wolfgang Braun das Bundesverdienstkreuz"},"content":{"rendered":"<p class=\"text_ohne_einzug richtext text-em-55 !leading-serif mx-6 desktop:mx-0\"> Seit einem Vierteljahrhundert leistet Wolfgang Braun als Mitglied des Vereins <a href=\"https:\/\/rp-online.de\/politik\/deutschland\/margot-friedlaender-klingbeil-stellt-sonderbriefmarke-vor_aid-139579915\" rel=\"nofollow noopener\" target=\"_blank\">\u201eGegen Vergessen \u2013 F\u00fcr Demokratie<\/a>\u201c wahre K\u00e4rrnerarbeit. Und das ehrenamtlich! Seit dem Jahr 2010 ist er Sprecher der regionalen Arbeitsgruppe des bundesweit t\u00e4tigen Vereins.<\/p>\n<p class=\"richtext text-em-55 !leading-serif mx-6 desktop:mx-0\">Und es ist zweifellos Brauns Verdienst, dass diese \u00fcberparteiliche Vereinigung in <a href=\"https:\/\/rp-online.de\/thema\/duisburg\/\" rel=\"nofollow noopener\" target=\"_blank\">Duisburg<\/a> und Umgebung bekannt und angesehen ist. Jetzt wurde Wolfgang Braun mit dem Bundesverdienstkreuz am Bande geehrt, die h\u00f6chste Auszeichnung, die in Deutschland f\u00fcr die Arbeit am Gemeinwohl vergeben wird.<\/p>\n<p class=\"richtext text-em-55 !leading-serif mx-6 desktop:mx-0\">Bei der Ordensverleihung im Duisburger Rathaus waren viele G\u00e4ste dabei. Die gro\u00dfe Schar spiegelte auch die vielen Gruppen wider, die Wolfgang Braun f\u00fcr seine Arbeit immer mit ins Boot holt: die Kirchen, die Gewerkschaften, die Volkshochschule, die j\u00fcdische Gemeinde, die Deutsch-Franz\u00f6sische Gesellschaft und andere.<\/p>\n<p class=\"richtext text-em-55 !leading-serif mx-6 desktop:mx-0\">B\u00fcrgermeisterin Edeltraud Klabuhn w\u00fcrdigte in einer sch\u00f6nen Ansprache die Verdienste von Wolfgang Braun, der \u201ewie ein Fels in der Brandung\u201c die Werte der Demokratie zu bewahren sucht. Diese Arbeit k\u00f6nne gar nicht hoch genug eingesch\u00e4tzt werden.<\/p>\n<p class=\"richtext text-em-55 !leading-serif mx-6 desktop:mx-0\">Neben seiner Rolle als Ideen- und Impulsgeber f\u00fcr die Arbeit des Vereins fungiert der studierte Sozialwissenschaftler als <a href=\"https:\/\/rp-online.de\/nrw\/staedte\/duisburg\/duisburg-interview-mit-wolfgang-braun-quasselkultur-reicht-nicht_aid-106033599\" rel=\"nofollow noopener\" target=\"_blank\">Koordinator und Organisator der regionalen Arbeitsgruppe<\/a>. Er hat im Laufe der Jahre viele hochkar\u00e4tige Wissenschaftler f\u00fcr Vortr\u00e4ge in Duisburg gewinnen k\u00f6nnen. Er organisierte Podiumsdiskussionen, Konzerte und Gedenkst\u00e4ttenfahrten.<\/p>\n<p class=\"richtext text-em-55 !leading-serif mx-6 desktop:mx-0\">Auch k\u00fcmmerte er sich um die Pressearbeit, wobei die Rheinische Post eine besonders gro\u00dfe Rolle spielt. So initiierte er in der RP eine viel beachtete Artikelserie \u201eBedeutende Duisburger Demokraten\u201c. Innerhalb des Vereins \u201eGegen Vergessen \u2013 F\u00fcr Demokratie\u201c gilt die Arbeitsgruppe Rhein-Ruhr-West als die erfolgreichste Regionalgruppe, was ohne Zweifel das Verdienst von Wolfgang Braun ist.<\/p>\n<p class=\"richtext text-em-55 !leading-serif mx-6 desktop:mx-0\">Er habe als Sprecher daf\u00fcr gesorgt, so B\u00fcrgermeisterin Klabuhn, dass seine Regionalgruppe \u201eeine Art mobile Volkshochschule f\u00fcr die demokratische Aufkl\u00e4rung\u201c geworden ist. Wichtig ist f\u00fcr Wolfgang Braun aber nicht nur die reine Aufkl\u00e4rungsarbeit, sondern auch das Leben in der Demokratie. Das zeigt sich besonders an den von ihm ma\u00dfgeblich vorbereiteten \u201eFesten der Freihheit\u201c, die um den Verfassungstrag am 23. Mai gefeiert werden.<\/p>\n<p class=\"richtext text-em-55 !leading-serif mx-6 desktop:mx-0\">Braun ist so etwas wie die Verk\u00f6rperung des Vereinsgedanken \u201eGegen Vergessen \u2013 F\u00fcr Demokratie\u201c. Wobei im Blick zur\u00fcck die Auseinandersetzung mit dem Nationalsozialismus, dem Unrecht des SED-Regimes, dem politischen Extremismus und gewaltt\u00e4tigen Herrschaftssystemen steht. Nicht vergessen werden in den unterschiedlichen Veranstaltungsformaten die freiheitliche Bestrebungen in der europ\u00e4ischen und au\u00dfereurop\u00e4ischen Geschichte. Und im Blick nach vorne geht es immer auch um die Demokratie.<\/p>\n<p class=\"richtext text-em-55 !leading-serif mx-6 desktop:mx-0\">Dabei wirke Braun, so B\u00fcrgermeisterin Klabuhn, nicht durch Parolen, sondern mit Wissen und Argumenten. Braun sei mit seinem kritischen Verstand ein \u201eAugen\u00f6ffner\u201c.<\/p>\n<p class=\"richtext text-em-55 !leading-serif mx-6 desktop:mx-0\">In seiner kurzen Ansprache warnte Braun davor, die Demokratie als zu selbstverst\u00e4ndlich zu nehmen. Die Gefahr, dass sie eine vor\u00fcbergehende Episode in der Geschichte werden k\u00f6nnte, d\u00fcrfe man nicht untersch\u00e4tzen. Es reiche in seinen Augen nicht, demokratiefeindliche Bestrebungen als \u201eblo\u00df andere Meinung\u201c hinzunehmen. Man solle \u00dcberzeugungsarbeit leisten, um klar zu machen, dass \u2013 zum Beispiel \u2013 v\u00f6lkisches Denken falsch ist.<\/p>\n<p class=\"richtext text-em-55 !leading-serif mx-6 desktop:mx-0\">Wolfgang Braun m\u00f6chte seine Arbeit im Verein \u201eGegen Vergessen \u2013 F\u00fcr Demokratie\u201c unvermindert fortsetzen. Unterst\u00fctzt wird er dabei \u2013 wie in all den Jahren zuvor \u2013 von seiner Frau Elke und einem gro\u00dfen Unterst\u00fctzerkreis, deren Vertreter ins Mercatorzimmer des Duisburger Rathauses kamen und den Geehrten feierten.<\/p>\n","protected":false},"excerpt":{"rendered":"Seit einem Vierteljahrhundert leistet Wolfgang Braun als Mitglied des Vereins \u201eGegen Vergessen \u2013 F\u00fcr Demokratie\u201c wahre K\u00e4rrnerarbeit. Und&hellip;\n","protected":false},"author":2,"featured_media":662062,"comment_status":"","ping_status":"","sticky":false,"template":"","format":"standard","meta":{"footnotes":""},"categories":[1838],"tags":[40155,69982,31857,3364,146,131950,29,3715,30,1209,61657,9905,97235,10434,154522,29731,3552],"class_list":{"0":"post-662061","1":"post","2":"type-post","3":"status-publish","4":"format-standard","5":"has-post-thumbnail","7":"category-duisburg","8":"tag-arbeitsgruppe","9":"tag-braun","10":"tag-bundesverdienstkreuz","11":"tag-de","12":"tag-demokratie","13":"tag-demokratiefeindliche","14":"tag-deutschland","15":"tag-duisburg","16":"tag-germany","17":"tag-nordrhein-westfalen","18":"tag-regionalen","19":"tag-sprecher","20":"tag-verdienst","21":"tag-verein","22":"tag-vereinsgedanken","23":"tag-vergessen","24":"tag-wolfgang"},"share_on_mastodon":{"url":"https:\/\/pubeurope.com\/@de\/115757592436331226","error":""},"_links":{"self":[{"href":"https:\/\/www.europesays.com\/de\/wp-json\/wp\/v2\/posts\/662061","targetHints":{"allow":["GET"]}}],"collection":[{"href":"https:\/\/www.europesays.com\/de\/wp-json\/wp\/v2\/posts"}],"about":[{"href":"https:\/\/www.europesays.com\/de\/wp-json\/wp\/v2\/types\/post"}],"author":[{"embeddable":true,"href":"https:\/\/www.europesays.com\/de\/wp-json\/wp\/v2\/users\/2"}],"replies":[{"embeddable":true,"href":"https:\/\/www.europesays.com\/de\/wp-json\/wp\/v2\/comments?post=662061"}],"version-history":[{"count":0,"href":"https:\/\/www.europesays.com\/de\/wp-json\/wp\/v2\/posts\/662061\/revisions"}],"wp:featuredmedia":[{"embeddable":true,"href":"https:\/\/www.europesays.com\/de\/wp-json\/wp\/v2\/media\/662062"}],"wp:attachment":[{"href":"https:\/\/www.europesays.com\/de\/wp-json\/wp\/v2\/media?parent=662061"}],"wp:term":[{"taxonomy":"category","embeddable":true,"href":"https:\/\/www.europesays.com\/de\/wp-json\/wp\/v2\/categories?post=662061"},{"taxonomy":"post_tag","embeddable":true,"href":"https:\/\/www.europesays.com\/de\/wp-json\/wp\/v2\/tags?post=662061"}],"curies":[{"name":"wp","href":"https:\/\/api.w.org\/{rel}","templated":true}]}}