{"id":662065,"date":"2025-12-21T12:38:13","date_gmt":"2025-12-21T12:38:13","guid":{"rendered":"https:\/\/www.europesays.com\/de\/662065\/"},"modified":"2025-12-21T12:38:13","modified_gmt":"2025-12-21T12:38:13","slug":"pol-mfr-1204-pkw-aufbrecher-festgenommen-drei-polizisten-verletzt","status":"publish","type":"post","link":"https:\/\/www.europesays.com\/de\/662065\/","title":{"rendered":"POL-MFR: (1204) Pkw-Aufbrecher festgenommen &#8211; Drei Polizisten verletzt"},"content":{"rendered":"<p class=\"date\">21.12.2025 \u2013 11:23<\/p>\n<p class=\"customer\">\n                        <a class=\"story-customer\" title=\"weiter zum newsroom von Polizeipr\u00e4sidium Mittelfranken\" href=\"https:\/\/www.presseportal.de\/blaulicht\/nr\/6013\" rel=\"nofollow noopener\" target=\"_blank\">Polizeipr\u00e4sidium Mittelfranken<\/a>\n                    <\/p>\n<p><a data-category=\"citylink-story-view\" data-action=\"click\" data-label=\"Citylink in Meldungsansicht\" class=\"story-city event-trigger\" href=\"https:\/\/www.presseportal.de\/regional\/N%FCrnberg\" title=\"News aus N\u00fcrnberg \" rel=\"nofollow noopener\" target=\"_blank\">N\u00fcrnberg<\/a> (ots)<\/p>\n<p>Drei M\u00e4nner stehen im Verdacht, in der Nacht zum Samstag (20.12.2025) die Scheibe von zwei in der N\u00fcrnberger Innenstadt geparkten Autos eingeschlagen und daraus Gegenst\u00e4nde entwendet zu haben. Bei der Festnahme wurden drei Polizeibeamte verletzt. Die Kriminalpolizei N\u00fcrnberg bittet um Zeugenhinweise.<\/p>\n<p>Eine aufmerksame Passantin beobachtete gegen 01:45 Uhr auf einem Parkplatz im Spittlertorgraben drei m\u00e4nnliche Personen, die die Seitenscheibe eines geparkten Pkw zertr\u00fcmmerten und augenscheinlich das Fahrzeug durchw\u00fchlten. Anschlie\u00dfend stiegen die M\u00e4nner in ein Taxi ein. Die Zeugin w\u00e4hlte daraufhin den Polizeinotruf und teilte ihre Beobachtungen mit.<\/p>\n<p>Als alarmierte Streifen der Polizeiinspektion N\u00fcrnberg-Mitte das besagte Taxi unmittelbar nach Fahrtantritt anhielten, fl\u00fcchtete das Trio zu Fu\u00df in unterschiedliche Richtungen. Alle drei M\u00e4nner konnten durch die Polizeistreifen festgenommen werden. Hierbei leisteten die drei mutma\u00dflichen Pkw-Aufbrecher Widerstand, sodass sich zwei Beamte leichte Verletzungen zuzogen. Ein dritter Polizist musste aufgrund einer Schulterverletzung in ein Krankenhaus gebracht werden und war nicht mehr dienstf\u00e4hig.<\/p>\n<p>Bei den Tatverd\u00e4chtigen handelt es sich um einen 20-j\u00e4hrigen Algerier sowie einen 18-j\u00e4hrigen und einen 19-j\u00e4hrigen Marokkaner.<\/p>\n<p>In dem Taxi fanden die Beamten neben Aufbruchswerkzeug auch eine Handtasche. Diese konnte einem Pkw-Aufbruch in der Bahnhofstra\u00dfe zugeordnet werden, welcher unmittelbar zuvor zur Anzeige gebracht wurde.<\/p>\n<p>Da sich die Festgenommenen auch im Anschluss der polizeilichen Ma\u00dfnahmen nicht mehr beruhigten und aggressiv verhielten, nahmen die Polizisten die M\u00e4nner in Gewahrsam. Der 19-J\u00e4hrige Marokkaner f\u00fchrte zudem eine geringe Menge Kokain mit sich und muss sich wegen eines Versto\u00dfes nach dem Bet\u00e4ubungsmittelgesetz strafrechtlich verantworten.<\/p>\n<p>Das zust\u00e4ndige Fachkommissariat der Kriminalpolizei N\u00fcrnberg hat die Sachbearbeitung \u00fcbernommen. Gegenstand der Ermittlungen ist nun, ob die Pkw-Aufbrecher auch f\u00fcr weitere Taten in Betracht kommen. Die Polizei ist hierbei auf Hinweise aus der Bev\u00f6lkerung angewiesen. Zeugen, welche im Zusammenhang mit den Diebst\u00e4hlen aus geparkten Fahrzeugen verd\u00e4chtige Personen bemerkt haben oder sonst sachdienliche Hinweise geben k\u00f6nnen, werden gebeten, sich unter der Telefonnummer 0911 2112-3333 zu melden.<\/p>\n<p>Erstellt durch: Gloria G\u00fc\u00dfbacher<\/p>\n<p class=\"contact-headline\">R\u00fcckfragen bitte an:<\/p>\n<p class=\"contact-text\">Polizeipr\u00e4sidium Mittelfranken<br \/>Pr\u00e4sidialb\u00fcro &#8211; Pressestelle<br \/>Richard-Wagner-Platz 1<br \/>D-90443 N\u00fcrnberg<br \/>E-Mail: <a href=\"https:\/\/www.presseportal.de\/blaulicht\/pm\/6013\/mailto: pp-mfr.pressestelle@polizei.bayern.de\" class=\"uri-mailto\" rel=\"nofollow noopener\" target=\"_blank\"> pp-mfr.pressestelle@polizei.bayern.de<\/a><\/p>\n<p>Erreichbarkeiten:<br \/>Montag bis Donnerstag<br \/>07:00 bis 16:00 Uhr<br \/>Freitag<br \/>07:00 bis 15:00 Uhr<br \/>Sonntag<br \/>11:00 bis 14:00 Uhr<\/p>\n<p>Telefon: +49 (0)911 2112 1030<\/p>\n<p>Au\u00dferhalb der B\u00fcrozeiten:<\/p>\n<p>Telefon: +49 (0)911 2112 1553<\/p>\n<p>Die Pressestelle des Polizeipr\u00e4sidiums Mittelfranken im Internet:<br \/><a target=\"_blank\" class=\"uri-ext outbound\" rel=\"noopener nofollow\" href=\"http:\/\/ots.de\/P4TQ8h\">http:\/\/ots.de\/P4TQ8h<\/a><\/p>\n<p class=\"originator\">Original-Content von: Polizeipr\u00e4sidium Mittelfranken, \u00fcbermittelt durch news aktuell<\/p>\n","protected":false},"excerpt":{"rendered":"21.12.2025 \u2013 11:23 Polizeipr\u00e4sidium Mittelfranken N\u00fcrnberg (ots) Drei M\u00e4nner stehen im Verdacht, in der Nacht zum Samstag (20.12.2025)&hellip;\n","protected":false},"author":2,"featured_media":386213,"comment_status":"","ping_status":"","sticky":false,"template":"","format":"standard","meta":{"footnotes":""},"categories":[1837],"tags":[772,2918,3364,29,30,177,3783,121,178,180,179,181],"class_list":{"0":"post-662065","1":"post","2":"type-post","3":"status-publish","4":"format-standard","5":"has-post-thumbnail","7":"category-nuernberg","8":"tag-bayern","9":"tag-by","10":"tag-de","11":"tag-deutschland","12":"tag-germany","13":"tag-kriminalitt","14":"tag-nuernberg","15":"tag-polizei","16":"tag-presse","17":"tag-pressemeldung","18":"tag-pressemitteilung","19":"tag-pressemitteilungen"},"share_on_mastodon":{"url":"https:\/\/pubeurope.com\/@de\/115757600285011208","error":""},"_links":{"self":[{"href":"https:\/\/www.europesays.com\/de\/wp-json\/wp\/v2\/posts\/662065","targetHints":{"allow":["GET"]}}],"collection":[{"href":"https:\/\/www.europesays.com\/de\/wp-json\/wp\/v2\/posts"}],"about":[{"href":"https:\/\/www.europesays.com\/de\/wp-json\/wp\/v2\/types\/post"}],"author":[{"embeddable":true,"href":"https:\/\/www.europesays.com\/de\/wp-json\/wp\/v2\/users\/2"}],"replies":[{"embeddable":true,"href":"https:\/\/www.europesays.com\/de\/wp-json\/wp\/v2\/comments?post=662065"}],"version-history":[{"count":0,"href":"https:\/\/www.europesays.com\/de\/wp-json\/wp\/v2\/posts\/662065\/revisions"}],"wp:featuredmedia":[{"embeddable":true,"href":"https:\/\/www.europesays.com\/de\/wp-json\/wp\/v2\/media\/386213"}],"wp:attachment":[{"href":"https:\/\/www.europesays.com\/de\/wp-json\/wp\/v2\/media?parent=662065"}],"wp:term":[{"taxonomy":"category","embeddable":true,"href":"https:\/\/www.europesays.com\/de\/wp-json\/wp\/v2\/categories?post=662065"},{"taxonomy":"post_tag","embeddable":true,"href":"https:\/\/www.europesays.com\/de\/wp-json\/wp\/v2\/tags?post=662065"}],"curies":[{"name":"wp","href":"https:\/\/api.w.org\/{rel}","templated":true}]}}