{"id":662077,"date":"2025-12-21T12:46:20","date_gmt":"2025-12-21T12:46:20","guid":{"rendered":"https:\/\/www.europesays.com\/de\/662077\/"},"modified":"2025-12-21T12:46:20","modified_gmt":"2025-12-21T12:46:20","slug":"flucht-vor-polizei-endet-im-tuempel-mann-festgenommen","status":"publish","type":"post","link":"https:\/\/www.europesays.com\/de\/662077\/","title":{"rendered":"Flucht vor Polizei endet im T\u00fcmpel \u2013 Mann festgenommen"},"content":{"rendered":"<p>Verfolgungsjagd in Neustadt <\/p>\n<p>Flucht vor Polizei endet im T\u00fcmpel \u2013 Mann festgenommen<\/p>\n<p>21.12.2025 &#8211; 13:19 UhrLesedauer: 1 Min.<\/p>\n<p><a href=\"#focus-0\" class=\"transition-colors duration-200 block text-current relative\" data-sctrack=\"FocusGalleryImage.Reference\"><img fetchpriority=\"high\" data-testid=\"Opener.Image\" style=\"--lqipURL:url('https:\/\/images.t-online.de\/2025\/12\/sKmOVR8Dxu3t\/0x107:2048x1152\/fit-in\/150x0\/filters:blur(25)\/ein-31-jahre-alter-autofahrer-faehrt-mutmasslich-unter-dem-einfluss-von-alkohol-und-drogen-entgegengesetzt-der-fahrtrichtung-und-sein-wagen-stoesst-mit-einem-anderen-auto-zusammen-symbolbild.jpg')\"   loading=\"eager\" src=\"https:\/\/www.europesays.com\/de\/wp-content\/uploads\/2025\/12\/ein-31-jahre-alter-autofahrer-faehrt-mutmasslich-unter-dem-einfluss-von-alkohol-und-drogen-entgegeng.jpeg\" alt=\"Illustration - Polizei\" title=\"Illustration - Polizei\" width=\"2048\" height=\"1152\" class=\"bg-[url:var(--lqipURL)] bg-cover bg-center flex h-full w-full max-w-full\" decoding=\"async\"\/><img style=\"--width:32;--height:32\" loading=\"lazy\" src=\"https:\/\/bremen.t-online.de\/s\/paper\/_next\/static\/media\/zoom-in.f7dae02f.svg\" alt=\"Vergr\u00f6\u00dfern des Bildes\" title=\"Vergr\u00f6\u00dfern des Bildes\" class=\"block h-[calc(var(--height)_\/_16_*_1rem)] w-[calc(var(--width)_\/_16_*_1rem)] max-w-none absolute bottom-8 right-8 rounded-4 bg-snow p-8\" decoding=\"async\"\/><\/a><\/p>\n<p>Ein Polizeiwagen (Symbolbild): Ein Mann fl\u00fcchtete erst in seinem Auto und dann zu Fu\u00df vor den Beamten. (Quelle: Marijan Murat\/dpa\/dpa-bilder)<\/p>\n<p class=\"font-bold text-18 leading-17\">Ein n\u00e4chtlicher Einsatz h\u00e4lt die Bremer Polizei in Atem. Ein Mann fl\u00fcchtet erst mit dem Auto, dann zu Fu\u00df und springt schlie\u00dflich in einen T\u00fcmpel.<\/p>\n<p class=\"text-18 leading-17\">Nach Angaben der Polizei hat ein 37-j\u00e4hriger Mann in Bremen-Neustadt eine Verfolgungsjagd ausgel\u00f6st, die in einem T\u00fcmpel endete. Der Vorfall ereignete sich in der Nacht zu Sonntag gegen 3:15 Uhr.<\/p>\n<p class=\"text-18 leading-17\">Wie die Beamten mitteilten, soll der Verd\u00e4chtige zun\u00e4chst mit einem Audi mit \u00fcberh\u00f6hter Geschwindigkeit vor einem Streifenwagen gefl\u00fcchtet sein. Laut Polizeibericht habe er anschlie\u00dfend sein Fahrzeug verlassen und sei zu Fu\u00df weitergerannt, bevor er in einen T\u00fcmpel gesprungen sei.<\/p>\n<p class=\"text-18 leading-17\">Die Einsatzkr\u00e4fte zogen den Mann mit einer Rettungsleine aus dem Wasser. Er wurde unterk\u00fchlt in ein Krankenhaus gebracht.<\/p>\n<p class=\"text-18 leading-17\">Bei der Durchsuchung fanden die Polizisten Cannabis und ein Messer. Zudem stellte sich heraus, dass der Verd\u00e4chtige ohne g\u00fcltige Fahrerlaubnis unterwegs war.<\/p>\n<p class=\"text-18 leading-17\">Die Polizei beschlagnahmte das Handy und den Audi des Mannes. Gegen ihn werden nun diverse Anzeigen erwartet. Die Ermittlungen dauern an.<\/p>\n","protected":false},"excerpt":{"rendered":"Verfolgungsjagd in Neustadt Flucht vor Polizei endet im T\u00fcmpel \u2013 Mann festgenommen 21.12.2025 &#8211; 13:19 UhrLesedauer: 1 Min.&hellip;\n","protected":false},"author":2,"featured_media":662078,"comment_status":"","ping_status":"","sticky":false,"template":"","format":"standard","meta":{"footnotes":""},"categories":[1824],"tags":[722,17161,764,513,2420,3364,29,30,128520,121,40],"class_list":{"0":"post-662077","1":"post","2":"type-post","3":"status-publish","4":"format-standard","5":"has-post-thumbnail","7":"category-bremen","8":"tag-722","9":"tag-17161","10":"tag-audi","11":"tag-auto","12":"tag-bremen","13":"tag-de","14":"tag-deutschland","15":"tag-germany","16":"tag-neustadt-dosse","17":"tag-polizei","18":"tag-verfolgungsjagd"},"share_on_mastodon":{"url":"https:\/\/pubeurope.com\/@de\/115757632680023700","error":""},"_links":{"self":[{"href":"https:\/\/www.europesays.com\/de\/wp-json\/wp\/v2\/posts\/662077","targetHints":{"allow":["GET"]}}],"collection":[{"href":"https:\/\/www.europesays.com\/de\/wp-json\/wp\/v2\/posts"}],"about":[{"href":"https:\/\/www.europesays.com\/de\/wp-json\/wp\/v2\/types\/post"}],"author":[{"embeddable":true,"href":"https:\/\/www.europesays.com\/de\/wp-json\/wp\/v2\/users\/2"}],"replies":[{"embeddable":true,"href":"https:\/\/www.europesays.com\/de\/wp-json\/wp\/v2\/comments?post=662077"}],"version-history":[{"count":0,"href":"https:\/\/www.europesays.com\/de\/wp-json\/wp\/v2\/posts\/662077\/revisions"}],"wp:featuredmedia":[{"embeddable":true,"href":"https:\/\/www.europesays.com\/de\/wp-json\/wp\/v2\/media\/662078"}],"wp:attachment":[{"href":"https:\/\/www.europesays.com\/de\/wp-json\/wp\/v2\/media?parent=662077"}],"wp:term":[{"taxonomy":"category","embeddable":true,"href":"https:\/\/www.europesays.com\/de\/wp-json\/wp\/v2\/categories?post=662077"},{"taxonomy":"post_tag","embeddable":true,"href":"https:\/\/www.europesays.com\/de\/wp-json\/wp\/v2\/tags?post=662077"}],"curies":[{"name":"wp","href":"https:\/\/api.w.org\/{rel}","templated":true}]}}