{"id":662081,"date":"2025-12-21T12:48:22","date_gmt":"2025-12-21T12:48:22","guid":{"rendered":"https:\/\/www.europesays.com\/de\/662081\/"},"modified":"2025-12-21T12:48:22","modified_gmt":"2025-12-21T12:48:22","slug":"fw-e-dachstuhlbrand-in-essen-karnap-feuerwehr-bis-in-die-morgenstunden-im-einsatz","status":"publish","type":"post","link":"https:\/\/www.europesays.com\/de\/662081\/","title":{"rendered":"FW-E: Dachstuhlbrand in Essen-Karnap &#8211; Feuerwehr bis in die Morgenstunden im Einsatz"},"content":{"rendered":"<p class=\"date\">21.12.2025 \u2013 13:36<\/p>\n<p class=\"customer\">\n                        <a class=\"story-customer\" title=\"weiter zum newsroom von Feuerwehr Essen\" href=\"https:\/\/www.presseportal.de\/blaulicht\/nr\/56893\" target=\"_blank\" rel=\"noopener\">Feuerwehr Essen<\/a>\n                    <\/p>\n<p><a class=\"glightbox-pseudo event-trigger\" href=\"https:\/\/cache.pressmailing.net\/thumbnail\/story_hires\/afd8d715-9e2c-4697-8734-b66054d4feb0\/7819c76d-f820-4145-a~6-d200643c6b02.jpeg.jpg\" data-description=\"Eintreffsituation der Feuerwehr&#010;Foto: Feuerwehr Essen\" data-category=\"medialightbox\" data-action=\"click\" data-label=\"single\" data-value=\"6947e9c7270000fd2c4d6218\" target=\"_blank\" rel=\"noopener\"><img decoding=\"async\" height=\"540\" with=\"720\" src=\"https:\/\/www.europesays.com\/de\/wp-content\/uploads\/2025\/12\/fw-e-dachstuhlbrand-in-essen-karnap-feuerwehr-bis-in-die-morgenstunden-im-einsatz.jpeg\"   alt=\"FW-E: Dachstuhlbrand in Essen-Karnap - Feuerwehr bis in die Morgenstunden im Einsatz\" class=\"single\"\/><\/a><\/p>\n<p><a data-category=\"citylink-story-view\" data-action=\"click\" data-label=\"Citylink in Meldungsansicht\" class=\"story-city event-trigger\" href=\"https:\/\/www.presseportal.de\/regional\/Essen-Karnap%2C%20Arenbergstra%DFe%2C%2021.12.2025%2C%2000%3A49%20Uhr\" title=\"News aus Essen-Karnap, Arenbergstra\u00dfe, 21.12.2025, 00:49 Uhr \" target=\"_blank\" rel=\"noopener\">Essen-Karnap, Arenbergstra\u00dfe, 21.12.2025, 00:49 Uhr<\/a> (ots)<\/p>\n<p>In der Nacht zu Sonntag meldeten Anrufer der Leitstelle der Feuerwehr Essen um 0:49 Uhr ein Brandereignis in einem Mehrfamilienhaus an der Arenbergstra\u00dfe. Aufgrund der ersten Meldungen, dass Flammen in einer Dachgeschosswohnung zu sehen seien, alarmierte die Leitstelle zun\u00e4chst mit dem Stichwort &#8222;Wohnungsbrand&#8220; die Einsatzkr\u00e4fte der Feuerwachen Altenessen und Stadthafen.<\/p>\n<p>Beim Eintreffen der ersten Einsatzkr\u00e4fte best\u00e4tigte sich das Lagebild: Im Bereich des Dachgeschosses war Feuerschein erkennbar, der Brand hatte sich bereits auf den Dachstuhl ausgebreitet. Der Einsatzleiter lie\u00df daraufhin das Alarmstichwort erh\u00f6hen und leitete umgehend umfangreiche Ma\u00dfnahmen zur Brandbek\u00e4mpfung ein.<\/p>\n<p>Parallel zur Brandbek\u00e4mpfung kontrollierten die Einsatzkr\u00e4fte das Geb\u00e4ude. Gl\u00fccklicherweise hatten alle Bewohnerinnen und Bewohner das Haus bereits verlassen. Insgesamt verlie\u00dfen 11 Personen das Geb\u00e4ude. Verletzt wurde nach derzeitigem Stand niemand. Da mehrere Personen kurzfristig eine Unterkunft ben\u00f6tigten, wurde eine Betreuung und Unterbringung organisiert. Zur Unterst\u00fctzung wurde ein Ruhrbahnbus zur Einsatzstelle bestellt.<\/p>\n<p>Zur Brandbek\u00e4mpfung setzte die Feuerwehr unter anderem zwei Drehleitern ein. Nachdem die offenen Flammen unter Kontrolle gebracht worden waren, folgten aufwendige Nachl\u00f6scharbeiten. Um Glutnester erreichen zu k\u00f6nnen, mussten gro\u00dffl\u00e4chig Dachbereiche ge\u00f6ffnet werden. Zur Kontrolle auf versteckte Brandstellen kam zudem eine Drohne mit W\u00e4rmebildkamera zum Einsatz.<\/p>\n<p>Aufgrund der Brand- und L\u00f6schwassersch\u00e4den ist das Geb\u00e4ude derzeit nicht mehr bewohnbar. Die Polizei \u00fcbernahm die Sicherung des Objekts und hat die Ermittlungen zur Brandursache aufgenommen.<\/p>\n<p>Auch nach Abschluss der ersten Ma\u00dfnahmen waren weitere Brandnachschauen notwendig. Bei einer Kontrolle wurden Glutnester festgestellt und \u00fcber die Drehleiter gezielt abgel\u00f6scht. Erst um 8:00 Uhr heute Morgen war der Brand endg\u00fcltig gel\u00f6scht.<\/p>\n<p>Die Feuerwehr Essen war mit zahlreichen Einsatzkr\u00e4ften der Feuerwachen, Altenessen, Stadthafen, Borbeck, Stadtmitte sowie diversen Sonderfahrzeugen im Einsatz.<\/p>\n<p class=\"contact-headline\">R\u00fcckfragen bitte an:<\/p>\n<p class=\"contact-text\">Feuerwehr Essen<br \/>Christian Schm\u00fccker<br \/>Telefon: 0201-12370102<br \/>Fax: 0201\/228233<br \/>E-Mail: <a href=\"https:\/\/www.presseportal.de\/blaulicht\/pm\/56893\/mailto: christian.schmuecker@feuerwehr.essen.de\" class=\"uri-mailto\" target=\"_blank\" rel=\"noopener\"> christian.schmuecker@feuerwehr.essen.de<\/a><br \/><a target=\"_blank\" class=\"uri-ext outbound\" rel=\"noopener\" href=\"https:\/\/www.essen.de\/feuerwehr\">https:\/\/www.essen.de\/feuerwehr<\/a><\/p>\n<p class=\"originator\">Original-Content von: Feuerwehr Essen, \u00fcbermittelt durch news aktuell<\/p>\n","protected":false},"excerpt":{"rendered":"21.12.2025 \u2013 13:36 Feuerwehr Essen Essen-Karnap, Arenbergstra\u00dfe, 21.12.2025, 00:49 Uhr (ots) In der Nacht zu Sonntag meldeten Anrufer&hellip;\n","protected":false},"author":2,"featured_media":662082,"comment_status":"","ping_status":"","sticky":false,"template":"","format":"standard","meta":{"footnotes":""},"categories":[1834],"tags":[2919,3364,29,3688,985,30,1209,176,178,180,179,181],"class_list":{"0":"post-662081","1":"post","2":"type-post","3":"status-publish","4":"format-standard","5":"has-post-thumbnail","7":"category-essen","8":"tag-brand","9":"tag-de","10":"tag-deutschland","11":"tag-essen","12":"tag-feuerwehr","13":"tag-germany","14":"tag-nordrhein-westfalen","15":"tag-nrw","16":"tag-presse","17":"tag-pressemeldung","18":"tag-pressemitteilung","19":"tag-pressemitteilungen"},"share_on_mastodon":{"url":"https:\/\/pubeurope.com\/@de\/115757640529629749","error":""},"_links":{"self":[{"href":"https:\/\/www.europesays.com\/de\/wp-json\/wp\/v2\/posts\/662081","targetHints":{"allow":["GET"]}}],"collection":[{"href":"https:\/\/www.europesays.com\/de\/wp-json\/wp\/v2\/posts"}],"about":[{"href":"https:\/\/www.europesays.com\/de\/wp-json\/wp\/v2\/types\/post"}],"author":[{"embeddable":true,"href":"https:\/\/www.europesays.com\/de\/wp-json\/wp\/v2\/users\/2"}],"replies":[{"embeddable":true,"href":"https:\/\/www.europesays.com\/de\/wp-json\/wp\/v2\/comments?post=662081"}],"version-history":[{"count":0,"href":"https:\/\/www.europesays.com\/de\/wp-json\/wp\/v2\/posts\/662081\/revisions"}],"wp:featuredmedia":[{"embeddable":true,"href":"https:\/\/www.europesays.com\/de\/wp-json\/wp\/v2\/media\/662082"}],"wp:attachment":[{"href":"https:\/\/www.europesays.com\/de\/wp-json\/wp\/v2\/media?parent=662081"}],"wp:term":[{"taxonomy":"category","embeddable":true,"href":"https:\/\/www.europesays.com\/de\/wp-json\/wp\/v2\/categories?post=662081"},{"taxonomy":"post_tag","embeddable":true,"href":"https:\/\/www.europesays.com\/de\/wp-json\/wp\/v2\/tags?post=662081"}],"curies":[{"name":"wp","href":"https:\/\/api.w.org\/{rel}","templated":true}]}}