{"id":662087,"date":"2025-12-21T12:51:15","date_gmt":"2025-12-21T12:51:15","guid":{"rendered":"https:\/\/www.europesays.com\/de\/662087\/"},"modified":"2025-12-21T12:51:15","modified_gmt":"2025-12-21T12:51:15","slug":"gedenkkonzert-zum-10-todestag-kurt-masurs-ein-grosser-deutscher-staatsbuerger","status":"publish","type":"post","link":"https:\/\/www.europesays.com\/de\/662087\/","title":{"rendered":"Gedenkkonzert zum 10. Todestag Kurt Masurs: \u201eEin gro\u00dfer deutscher Staatsb\u00fcrger\u201c"},"content":{"rendered":"<p class=\"Textstyled__Text-sc-1cqv9mi-0 cLyiiX\">Leipzig. Norbert Lammert w\u00fcrdigt nicht den Musiker von Weltgeltung. \u201eDa sitzen\u201c, sagt er am fr\u00fchen Samstagabend in den gestopft vollen Mendelssohn-Saal des Gewandhauses, \u201eviele Zeitzeugen im Saal, die das besser k\u00f6nnen als ich\u201c. <\/p>\n<p>Weiterlesen nach der Anzeige<\/p>\n<p>Weiterlesen nach der Anzeige<\/p>\n<p class=\"Textstyled__Text-sc-1cqv9mi-0 cLyiiX\">Da hat der Bundestagspr\u00e4sident a.\u2009D. recht. Denn wer kommen konnte von Kurt Masurs musikalischen, gesellschaftlichen, pers\u00f6nlichen Weggef\u00e4hrten, ist da. Nat\u00fcrlich auch Familie: Tomoko Masur sitzt in der ersten Reihe, der gemeinsame Sohn Ken-David daneben. Dazu ganze Generationen von Repr\u00e4sentanten des Leipziger Musiklebens von fr\u00fcher und heute. Sie alle wissen um die Bedeutung des Dirigenten, der am 19. Dezember 2015 starb.<\/p>\n<p>Unvergessen auch jenseits von Leipzig und der Musik<\/p>\n<p class=\"Textstyled__Text-sc-1cqv9mi-0 cLyiiX\">Drum befasst sich Lammerts beeindruckende Ansprache im Zentrum des Gedenkkonzertes zum 10. Todestag mit dem \u201eGro\u00dfen Deutschen Staatsb\u00fcrger\u201c Kurt Masur. Der sei auch bei denen nicht vergessen, \u201edie sich weder f\u00fcr Leipzig noch f\u00fcr Musik interessieren, was erstens m\u00f6glich ist und zweitens verfassungsrechtlich erlaubt\u201c.<\/p>\n<p>Weiterlesen nach der Anzeige<\/p>\n<p>Weiterlesen nach der Anzeige<\/p>\n<p><img decoding=\"async\" alt=\"Beeindruckender Redner: Bundestagspr\u00e4sident a. D. Norbert Lammert im Mendelssohn-Saal des Gewandhauses.\" loading=\"lazy\"  src=\"https:\/\/www.europesays.com\/de\/wp-content\/uploads\/2025\/12\/RL4GYJDUTNF4NK22J4KPIGID4Q.jpg\" \/><\/p>\n<p class=\"Textstyled__Text-sc-1cqv9mi-0 cLyiiX\">Nat\u00fcrlich kommt er nicht an der Rolle vorbei, die Masur im Herbst 1989 spielte, der auch wegen seiner besonnenen Initiative ohne Blutvergie\u00dfen in eine neue Zeit m\u00fcndete. Und dass es ohne Kurt Masur in Leipzig nicht das Gewandhaus g\u00e4be, in dem er nun sprechen darf, das verschweigt er ebenfalls nicht.<\/p>\n<p>\u201eDas ist nicht der Normalzustand\u201c<\/p>\n<p class=\"Textstyled__Text-sc-1cqv9mi-0 cLyiiX\">Aber es geht in dieser Rede nicht um Einzelleistungen, seien sie noch so bewundernswert. Norbert Lammert preist Kurt Masur als Menschen, der die Aufgaben annahm, die die Weltl\u00e4ufte ihm stellten, der die Initiative ergriff, sein Charisma, seinen Einfluss, ja, seine Macht in den Dienst der Freiheit stellte.<\/p>\n<p><img decoding=\"async\" alt=\"Das Gewandhaus-Quartett spielt Beethoven im Mendelssohn-Saal. Es musizieren Frank-Michael Erben, Yun-Jin Cho, Vincent Aucante und Isang Enders (v.l.)\" loading=\"lazy\"  src=\"https:\/\/www.europesays.com\/de\/wp-content\/uploads\/2025\/12\/YGG42DDJ2ZHLJEOSVCUXL4LPVE.jpg\" \/><\/p>\n<p class=\"Textstyled__Text-sc-1cqv9mi-0 cLyiiX\">\u201eWeder Einigkeit noch Recht noch Freiheit ist ein Naturzustand\u201c, sagt Lammert. \u201eSie m\u00fcssen erarbeitet werden. Und wenn sie erarbeitet sind, m\u00fcssen sie erhalten werden. Denn sie erhalten sich nicht selbst.\u201c Doch h\u00e4tten mittlerweile zwei Generationen keine anderen gesellschaftlichen Zust\u00e4nde kennengelernt als diese \u2013 und schl\u00f6ssen daraus messerscharf: \u201edas ist der Normalzustand\u201c. Er ist es nicht. \u201eNur zehn Prozent der acht Milliarden Erdenbewohner haben das Privileg, unter diesen Bedingungen leben und arbeiten zu k\u00f6nnen.\u201c Und vieles von dem, was Kurt Masur \u201eund ungez\u00e4hlte andere, Prominente wie Unbekannte, f\u00fcr uns erreichten\u201c, ist wieder gef\u00e4hrdet.<\/p>\n<p>Weiterlesen nach der Anzeige<\/p>\n<p>Weiterlesen nach der Anzeige<\/p>\n<p>Bundesrepublikanischer Demokrat alter Schule<\/p>\n<p class=\"Textstyled__Text-sc-1cqv9mi-0 cLyiiX\">Und darum brauchen wir wieder Pers\u00f6nlichkeiten wie Kurt Masur. Pers\u00f6nlichkeiten mit Haltung, Pers\u00f6nlichkeiten, die sich ihrer gesellschaftlichen Verantwortung stellen. Die nicht den bequemen Weg gehen, sondern den richtigen suchen. Langer und bewegter Applaus f\u00fcr diesen bundesrepublikanischen Demokraten alter Schule. Nicht wenige im Saal werden bei sich gedacht haben: Und von solchen Pers\u00f6nlichkeiten wie diesem Lammert br\u00e4uchten wir auch wieder mehr.<\/p>\n<p><img decoding=\"async\" alt=\"Gespr\u00e4chforum zum 10. Todestag von Kurt Masur unter dem Motto &quot; Herz und Freiheit - Masurs Verm\u00e4chtnis im Gewandhaus in Leipzig. Im Podium sitzen: v.l. Gero von Boehm, Carolin Widmann, Ken-David Masur und Andreas Schulz.\" loading=\"lazy\"  src=\"https:\/\/www.europesays.com\/de\/wp-content\/uploads\/2025\/12\/UM2XO6ACB5H2LGJ6SYKXGGNASU.jpg\" \/><\/p>\n<p class=\"Textstyled__Text-sc-1cqv9mi-0 cLyiiX\">Vor und nach diesen Worten kommt im Mendelssohn-Saal die Musik zu Wort. Das Gewandhaus Quartett mit Frank-Michael Erben, den Masur 1986 ins Gewandhausorchester holte, Yun-Jin Cho, Vincent Aucante und Isang Enders beginnt den Vorabend mit Beethovens G-Dur-Streichquartett Opus 18\/2. Eine klassische Sinfonie f\u00fcr vier Spieler, logisch, sinnlich, lichtdurchflutet, fintenreich. Und so spielen es die vier sehr unterschiedlichen Quartettmitglieder, der gl\u00e4nzende Erben, die unbedingt souver\u00e4ne Cho, der feine Aucante, der leidenschaftliche Enders, als musikalischen Debatte mit einendem Erkenntnisgewinn in Sch\u00f6nheit. <\/p>\n<p>Ausdruck und Bedeutung<\/p>\n<p class=\"Textstyled__Text-sc-1cqv9mi-0 cLyiiX\">Masur h\u00e4tte das gefallen. Und wohl noch mehr Schostakowitschs g-moll-Klavierquintett Opus 57. Hier hilft seine langj\u00e4hrige musikalische Weggef\u00e4hrtin Elisabeth Leonskaja dem Leipziger Streichquartett bei der r\u00fcckhaltlosen Suche nach Ausdruck und Bedeutung. <\/p>\n<p>Weiterlesen nach der Anzeige<\/p>\n<p>Weiterlesen nach der Anzeige<\/p>\n<p class=\"Textstyled__Text-sc-1cqv9mi-0 cLyiiX\">Am anderen Ende des Gedenknachmittags war es bei allem Ernst lockerer zugegangen: Im aus allen N\u00e4hten platzenden Leo-Schwarz-Foyer plauderten am Nachmittag Ken David Masur, Gewandhausdirektor Andreas Schulz und die Geigerin Carolin Widman mit Gero von Boehm \u00fcber Kurt Masur. Den Menschen, den Musiker, den Vater, den Patriarchen. Und auch hier zeigte sich bereits, dass Lammert selbstredend recht hat: Kurt Masur ist zehn Jahre nach seinem Tod nicht vergessen. Allerdings interessieren sich hier im Saal alle f\u00fcr Leipzig. Oder f\u00fcr Musik. Oder f\u00fcr beides.<\/p>\n<p class=\"Editorialstyled__Editorial-sc-1bfvh9l-0 cSmjnJ\">LVZ<\/p>\n","protected":false},"excerpt":{"rendered":"Leipzig. Norbert Lammert w\u00fcrdigt nicht den Musiker von Weltgeltung. \u201eDa sitzen\u201c, sagt er am fr\u00fchen Samstagabend in den&hellip;\n","protected":false},"author":2,"featured_media":662088,"comment_status":"","ping_status":"","sticky":false,"template":"","format":"standard","meta":{"footnotes":""},"categories":[1832],"tags":[3364,29,30,71,859],"class_list":{"0":"post-662087","1":"post","2":"type-post","3":"status-publish","4":"format-standard","5":"has-post-thumbnail","7":"category-leipzig","8":"tag-de","9":"tag-deutschland","10":"tag-germany","11":"tag-leipzig","12":"tag-sachsen"},"share_on_mastodon":{"url":"https:\/\/pubeurope.com\/@de\/115757651595317511","error":""},"_links":{"self":[{"href":"https:\/\/www.europesays.com\/de\/wp-json\/wp\/v2\/posts\/662087","targetHints":{"allow":["GET"]}}],"collection":[{"href":"https:\/\/www.europesays.com\/de\/wp-json\/wp\/v2\/posts"}],"about":[{"href":"https:\/\/www.europesays.com\/de\/wp-json\/wp\/v2\/types\/post"}],"author":[{"embeddable":true,"href":"https:\/\/www.europesays.com\/de\/wp-json\/wp\/v2\/users\/2"}],"replies":[{"embeddable":true,"href":"https:\/\/www.europesays.com\/de\/wp-json\/wp\/v2\/comments?post=662087"}],"version-history":[{"count":0,"href":"https:\/\/www.europesays.com\/de\/wp-json\/wp\/v2\/posts\/662087\/revisions"}],"wp:featuredmedia":[{"embeddable":true,"href":"https:\/\/www.europesays.com\/de\/wp-json\/wp\/v2\/media\/662088"}],"wp:attachment":[{"href":"https:\/\/www.europesays.com\/de\/wp-json\/wp\/v2\/media?parent=662087"}],"wp:term":[{"taxonomy":"category","embeddable":true,"href":"https:\/\/www.europesays.com\/de\/wp-json\/wp\/v2\/categories?post=662087"},{"taxonomy":"post_tag","embeddable":true,"href":"https:\/\/www.europesays.com\/de\/wp-json\/wp\/v2\/tags?post=662087"}],"curies":[{"name":"wp","href":"https:\/\/api.w.org\/{rel}","templated":true}]}}