{"id":662095,"date":"2025-12-21T12:55:13","date_gmt":"2025-12-21T12:55:13","guid":{"rendered":"https:\/\/www.europesays.com\/de\/662095\/"},"modified":"2025-12-21T12:55:13","modified_gmt":"2025-12-21T12:55:13","slug":"schwaches-adventsfinale-handel-setzt-auf-endspurt","status":"publish","type":"post","link":"https:\/\/www.europesays.com\/de\/662095\/","title":{"rendered":"Schwaches Adventsfinale \u2013 Handel setzt auf Endspurt"},"content":{"rendered":"<p class=\"intro\">\n  Nur halbvolle T\u00fcten statt Kaufrausch: H\u00e4ndler in Baden-W\u00fcrttemberg blicken entt\u00e4uscht aufs Adventsfinale. Die Hoffnung liegt jetzt auf Last-Minute-Shoppern.\n<\/p>\n<p>    <img fetchpriority=\"high\" decoding=\"async\" class=\"\" alt=\"Der Einzelhandel klagt \u00fcber schleppende Weihnachtsums\u00e4tze. (Archivbild)\" src=\"https:\/\/bnn.de\/img\/16457108\/eaoQZteDE05P3tTveRz-Ug\/urn-newsml-dpacom-20090101-251221-935-1033990?size=1920&amp;format=jpeg&amp;variant=LANDSCAPE_16x9\" width=\"1920\" height=\"1080\" loading=\"eager\" data-upscaled=\"\"\/><\/p>\n<p>                Der Einzelhandel klagt \u00fcber schleppende Weihnachtsums\u00e4tze. (Archivbild)<\/p>\n<p>            Foto: Marius Bulling\/dpa<\/p>\n<p>Weiterlesen mit<\/p>\n<p>\n    Monatsabo\n  <\/p>\n<ul class=\"check-list--paywall check-list\">\n<li>14,90 \u20ac ab dem zweiten Monat<\/li>\n<li>Monatlich k\u00fcndbar<\/li>\n<li>Zugang zu allen BNN+ Artikeln<\/li>\n<\/ul>\n<p>        <a class=\"button--full button--offer button button--primary\" href=\"https:\/\/service.bnn.de\/kasse?add-to-cart=901958&amp;paywall_origin_url=https%3A%2F%2Fbnn.de%2Fnachrichten%2Fbaden-wuerttemberg%2Fschwaches-adventsfinale-handel-setzt-auf-endspurt\" _keys=\"class href\" rel=\"nofollow noopener\" target=\"_blank\"><br \/>\n  Monatsabo abschlie\u00dfen<br \/>\n<\/a><\/p>\n<p>\n    Jahrespass\n  <\/p>\n<ul class=\"check-list--paywall check-list\">\n<li>49,80 \u20ac sparen<\/li>\n<li>Endet automatisch nach einem Jahr<\/li>\n<li>Zugang zu allen BNN+ Artikeln<\/li>\n<\/ul>\n<p>        <a class=\"button--full button--offer button button--primary\" href=\"https:\/\/service.bnn.de\/kasse?add-to-cart=659683&amp;paywall_origin_url=https%3A%2F%2Fbnn.de%2Fnachrichten%2Fbaden-wuerttemberg%2Fschwaches-adventsfinale-handel-setzt-auf-endspurt\" _keys=\"class href\" rel=\"nofollow noopener\" target=\"_blank\"><br \/>\n  Jahrespass abschlie\u00dfen<br \/>\n<\/a><\/p>\n","protected":false},"excerpt":{"rendered":"Nur halbvolle T\u00fcten statt Kaufrausch: H\u00e4ndler in Baden-W\u00fcrttemberg blicken entt\u00e4uscht aufs Adventsfinale. Die Hoffnung liegt jetzt auf Last-Minute-Shoppern.&hellip;\n","protected":false},"author":2,"featured_media":662096,"comment_status":"","ping_status":"","sticky":false,"template":"","format":"standard","meta":{"footnotes":""},"categories":[1830],"tags":[1634,3364,29,30,1441],"class_list":{"0":"post-662095","1":"post","2":"type-post","3":"status-publish","4":"format-standard","5":"has-post-thumbnail","7":"category-stuttgart","8":"tag-baden-wuerttemberg","9":"tag-de","10":"tag-deutschland","11":"tag-germany","12":"tag-stuttgart"},"share_on_mastodon":{"url":"https:\/\/pubeurope.com\/@de\/115757668761287341","error":""},"_links":{"self":[{"href":"https:\/\/www.europesays.com\/de\/wp-json\/wp\/v2\/posts\/662095","targetHints":{"allow":["GET"]}}],"collection":[{"href":"https:\/\/www.europesays.com\/de\/wp-json\/wp\/v2\/posts"}],"about":[{"href":"https:\/\/www.europesays.com\/de\/wp-json\/wp\/v2\/types\/post"}],"author":[{"embeddable":true,"href":"https:\/\/www.europesays.com\/de\/wp-json\/wp\/v2\/users\/2"}],"replies":[{"embeddable":true,"href":"https:\/\/www.europesays.com\/de\/wp-json\/wp\/v2\/comments?post=662095"}],"version-history":[{"count":0,"href":"https:\/\/www.europesays.com\/de\/wp-json\/wp\/v2\/posts\/662095\/revisions"}],"wp:featuredmedia":[{"embeddable":true,"href":"https:\/\/www.europesays.com\/de\/wp-json\/wp\/v2\/media\/662096"}],"wp:attachment":[{"href":"https:\/\/www.europesays.com\/de\/wp-json\/wp\/v2\/media?parent=662095"}],"wp:term":[{"taxonomy":"category","embeddable":true,"href":"https:\/\/www.europesays.com\/de\/wp-json\/wp\/v2\/categories?post=662095"},{"taxonomy":"post_tag","embeddable":true,"href":"https:\/\/www.europesays.com\/de\/wp-json\/wp\/v2\/tags?post=662095"}],"curies":[{"name":"wp","href":"https:\/\/api.w.org\/{rel}","templated":true}]}}