{"id":662114,"date":"2025-12-21T13:06:12","date_gmt":"2025-12-21T13:06:12","guid":{"rendered":"https:\/\/www.europesays.com\/de\/662114\/"},"modified":"2025-12-21T13:06:12","modified_gmt":"2025-12-21T13:06:12","slug":"berlin-brandenburg-weihnachtsbaeume-als-begehrtes-diebesgut","status":"publish","type":"post","link":"https:\/\/www.europesays.com\/de\/662114\/","title":{"rendered":"Berlin &#038; Brandenburg: Weihnachtsb\u00e4ume als begehrtes Diebesgut"},"content":{"rendered":"<p>Berlin &amp; BrandenburgWeihnachtsb\u00e4ume als begehrtes Diebesgut<img decoding=\"async\" class=\"Image_img__fQCi0 Image_Img_16_9__4BLfH\" loading=\"eager\" fetchpriority=\"high\" src=\"https:\/\/www.europesays.com\/de\/wp-content\/uploads\/2025\/12\/In-Brandenburg-stehlen-Diebe-Weihnachtsbaeume-von-Verkaufsstaenden.webp.webp\" alt=\"In-Brandenburg-stehlen-Diebe-Weihnachtsbaeume-von-Verkaufsstaenden\"\/>TeilenFolgen auf:<a href=\"https:\/\/www.whatsapp.com\/channel\/0029Va5cdVJD8SDp5YZgYF01\" title=\"Auf WhatsApp folgen\" target=\"_blank\" rel=\"noopener\"><img decoding=\"async\" src=\"https:\/\/www.n-tv.de\/socialIcons\/whatsapp.svg\" alt=\"whatsapp\" class=\"ArticleShare_icon__FsrC2\"\/><\/a><a href=\"https:\/\/news.google.com\/publications\/CAAiEPMdif5mpRNxiLOeUpHCwwsqFAgKIhDzHYn-ZqUTcYiznlKRwsML?hl=de&amp;gl=DE&amp;ceid=DE%3Ade\" title=\"Auf Google News folgen\" target=\"_blank\" rel=\"noopener\"><img decoding=\"async\" src=\"https:\/\/www.n-tv.de\/socialIcons\/google.svg\" alt=\"whatsapp\" class=\"ArticleShare_icon__FsrC2\"\/><\/a><\/p>\n<p class=\"Typography_text-m__XI0da Typography_weight-bold__uT6mq storyline_lead_text_leadtext__q_wg8\">Kurz vor den Feiertagen sind Weihnachtsb\u00e4ume nicht sicher vor Dieben. Der Schaden f\u00fcr die H\u00e4ndler ist betr\u00e4chtlich.<\/p>\n<p class=\"Typography_text-default__P3otY Typography_weight-normal__pqUbH storyline_paragraph_p__qSR5N\">Eberswalde (dpa\/bb) &#8211; Vor dem Fest haben Diebe Weihnachtsbaumst\u00e4nde in mehreren St\u00e4dten Brandenburgs gepl\u00fcndert. Dabei entstand ein Schaden von mehreren Tausend Euro, wie die Polizei mitteilte. Demnach verschwanden in Eberswalde in der Nacht zum Samstag aus einem umz\u00e4unten Bereich an einem Supermarkt 15 Weihnachtsb\u00e4ume.<\/p>\n<p class=\"Typography_text-default__P3otY Typography_weight-normal__pqUbH storyline_paragraph_p__qSR5N\">Auch in anderen St\u00e4dten schlugen die T\u00e4ter zu. In Frankfurt (Oder) entstand laut Polizei ein Schaden von mehr als 3.000 Euro. In Oranienburg besch\u00e4digten Unbekannte Z\u00e4une und stahlen von einem Verkaufsstand auf einem Parkplatz in der Friedensstra\u00dfe rund 40 Weihnachtsb\u00e4ume. Der Schaden hier: 2.000 Euro.<\/p>\n<p class=\"Typography_text-s__wu_cm Typography_weight-normal__pqUbH Typography_color-darkgrey__sZEnP article-detail-footer_source__KslPc\">Quelle: dpa<\/p>\n","protected":false},"excerpt":{"rendered":"Berlin &amp; BrandenburgWeihnachtsb\u00e4ume als begehrtes DiebesgutTeilenFolgen auf: Kurz vor den Feiertagen sind Weihnachtsb\u00e4ume nicht sicher vor Dieben. Der&hellip;\n","protected":false},"author":2,"featured_media":662115,"comment_status":"","ping_status":"","sticky":false,"template":"","format":"standard","meta":{"footnotes":""},"categories":[1816],"tags":[1960,1958,1959,1957,1956,1890,29,30],"class_list":{"0":"post-662114","1":"post","2":"type-post","3":"status-publish","4":"format-standard","5":"has-post-thumbnail","7":"category-brandenburg","8":"tag-aktuelle-nachrichten-aus-berlin-und-brandenburg","9":"tag-aktuelle-nachrichten-aus-brandenburg","10":"tag-aktuelle-news-aus-berlin-und-brandenburg","11":"tag-aktuelle-news-aus-brandenburg","12":"tag-berlin-und-brandenburg","13":"tag-brandenburg","14":"tag-deutschland","15":"tag-germany"},"share_on_mastodon":{"url":"https:\/\/pubeurope.com\/@de\/115757711307022812","error":""},"_links":{"self":[{"href":"https:\/\/www.europesays.com\/de\/wp-json\/wp\/v2\/posts\/662114","targetHints":{"allow":["GET"]}}],"collection":[{"href":"https:\/\/www.europesays.com\/de\/wp-json\/wp\/v2\/posts"}],"about":[{"href":"https:\/\/www.europesays.com\/de\/wp-json\/wp\/v2\/types\/post"}],"author":[{"embeddable":true,"href":"https:\/\/www.europesays.com\/de\/wp-json\/wp\/v2\/users\/2"}],"replies":[{"embeddable":true,"href":"https:\/\/www.europesays.com\/de\/wp-json\/wp\/v2\/comments?post=662114"}],"version-history":[{"count":0,"href":"https:\/\/www.europesays.com\/de\/wp-json\/wp\/v2\/posts\/662114\/revisions"}],"wp:featuredmedia":[{"embeddable":true,"href":"https:\/\/www.europesays.com\/de\/wp-json\/wp\/v2\/media\/662115"}],"wp:attachment":[{"href":"https:\/\/www.europesays.com\/de\/wp-json\/wp\/v2\/media?parent=662114"}],"wp:term":[{"taxonomy":"category","embeddable":true,"href":"https:\/\/www.europesays.com\/de\/wp-json\/wp\/v2\/categories?post=662114"},{"taxonomy":"post_tag","embeddable":true,"href":"https:\/\/www.europesays.com\/de\/wp-json\/wp\/v2\/tags?post=662114"}],"curies":[{"name":"wp","href":"https:\/\/api.w.org\/{rel}","templated":true}]}}