{"id":662122,"date":"2025-12-21T13:10:16","date_gmt":"2025-12-21T13:10:16","guid":{"rendered":"https:\/\/www.europesays.com\/de\/662122\/"},"modified":"2025-12-21T13:10:16","modified_gmt":"2025-12-21T13:10:16","slug":"babylon-berlin-star-lars-eidinger-wird-zum-superman-schurken-fuer-james-gunn-fernsehserien-de","status":"publish","type":"post","link":"https:\/\/www.europesays.com\/de\/662122\/","title":{"rendered":"\u201eBabylon Berlin\u201c-Star Lars Eidinger wird zum Superman-Schurken f\u00fcr James Gunn \u2013 fernsehserien.de"},"content":{"rendered":"<p><a href=\"https:\/\/www.fernsehserien.de\/james-gunn\/filmografie\" data-type=\"person\" data-event-category=\"textlink-person\" target=\"_blank\" rel=\"noopener\">James Gunn<\/a> baut sein neues DC-Universum mit weiteren Filmen und Serien aus. Nach dem erfolgreichen Kinostart der <a href=\"https:\/\/www.fernsehserien.de\/filme\/superman-2025\" data-type=\"spielfilm\" data-event-category=\"textlink-film\" target=\"_blank\" rel=\"noopener\">\u201eSuperman\u201c<\/a>-Neuauflage mit <a href=\"https:\/\/www.fernsehserien.de\/david-corenswet\/filmografie\" data-type=\"person\" data-event-category=\"textlink-person\" target=\"_blank\" rel=\"noopener\">David Corenswet<\/a> in der Titelrolle arbeitet der einstige Marvel-Regisseur von <a href=\"https:\/\/www.fernsehserien.de\/filme\/guardians-of-the-galaxy\" data-type=\"spielfilm\" data-event-category=\"textlink-film\" target=\"_blank\" rel=\"noopener\">\u201eGuardians of the Galaxy\u201c<\/a> bereits an einer Fortsetzung namens \u201eMan of Tomorrow\u201c, die f\u00fcr Sommer 2027 in den Kinos angek\u00fcndigt ist.<\/p>\n<p>W\u00e4hrend sich Fans auf ein Wiedersehen mit <a href=\"https:\/\/www.fernsehserien.de\/nicholas-hoult\/filmografie\" data-type=\"person\" data-event-category=\"textlink-person\" target=\"_blank\" rel=\"noopener\">Nicholas Hoult<\/a> als legend\u00e4rer Widersacher Lex Luthor freuen d\u00fcrfen, k\u00fcndigt sich nun ein weiterer aus den Comic-Vorlagen wohlbekannter Gegenspieler an: <strong>Brainiac<\/strong>. Den wird niemand Geringerer darstellen als der preisgekr\u00f6nte deutsche Schauspieler <a href=\"https:\/\/www.fernsehserien.de\/lars-eidinger\/filmografie\" data-type=\"person\" data-event-category=\"textlink-person\" target=\"_blank\" rel=\"noopener\">Lars Eidinger<\/a> (<a href=\"https:\/\/www.fernsehserien.de\/babylon-berlin\" data-type=\"sendung\" data-event-category=\"textlink-serie\" target=\"_blank\" rel=\"noopener\">\u201eBabylon Berlin\u201c<\/a>), wie Gunn selbst best\u00e4tigte.<\/p>\n<p>Brainiac z\u00e4hlt neben Lex Luthor zu den popul\u00e4ren Superman-B\u00f6sewichten, der jedoch bislang noch in keinem der DC-Filme zu sehen war. Die Figur wurde von Otto Binder und Zeichner Al Plastino entworfen. Dabei handelt es sich um einen hochintelligenten Androiden vom Planeten Colu, der besessen davon ist, das gesamte Wissen des Universums zu sammeln.<\/p>\n<p>Ersten Details zum neuen Kinofilm \u201eMan of Tomorrow\u201c zufolge, der auf einem gleichnamigen Comic basiert, m\u00fcssen sich Superman und Luther gegen eine neue und \u00fcberm\u00e4chtige Bedrohung in der Galaxie verb\u00fcnden. Es d\u00fcrfte somit keine \u00dcberraschung sein, dass es sich dabei um Brainiac handelt, der St\u00e4dte verkleinern und Planeten zerst\u00f6ren will. In den Comics hat der B\u00f6sewicht bereits Supermans Heimatplaneten Krypton verkleinert und ihn in einigen Geschichten sogar zerst\u00f6rt.<\/p>\n<blockquote class=\"instagram-media\" data-instgrm-permalink=\"https:\/\/www.instagram.com\/p\/DSffVWjgIBb\/\" data-instgrm-captioned=\"\"\/><p>&#8220; class=&#8220;externer-inhalt externen-inhalt-anzeigen&#8220;&gt;<\/p>\n<p>Viel mehr wird noch nicht verraten. Die Regie f\u00fchrt erneut James Gunn, der auch das Drehbuch verfasst und gemeinsam mit seinem Partner und DC-Co-Chef <a href=\"https:\/\/www.fernsehserien.de\/peter-safran\/filmografie\" data-type=\"person\" data-event-category=\"textlink-person\" target=\"_blank\" rel=\"noopener\">Peter Safran<\/a> die Produktion \u00fcbernimmt. Wer sonst noch alles (wieder) mitspielen wird, ist noch nicht best\u00e4tigt. Die Filmarbeiten sollen im n\u00e4chsten Fr\u00fchjahr beginnen.<\/p>\n<p>Als N\u00e4chstes ist ein <a href=\"https:\/\/www.fernsehserien.de\/filme\/supergirl-woman-of-tomorrow\" data-type=\"spielfilm\" data-event-category=\"textlink-film\" target=\"_blank\" rel=\"noopener\">\u201eSupergirl\u201c<\/a>-Film mit <a href=\"https:\/\/www.fernsehserien.de\/milly-alcock\/filmografie\" data-type=\"person\" data-event-category=\"textlink-person\" target=\"_blank\" rel=\"noopener\">Milly Alcock<\/a> (<a href=\"https:\/\/www.fernsehserien.de\/house-of-the-dragon\" data-type=\"sendung\" data-event-category=\"textlink-serie\" target=\"_blank\" rel=\"noopener\">\u201eHouse of the Dragon\u201c<\/a>) in der Titelrolle angek\u00fcndigt, der am 26. Juni 2026 in die Kinos kommt und zu dem j\u00fcngst ein <a href=\"https:\/\/www.youtube.com\/watch?v=YqdAEdkHrwo\" target=\"_blank\" data-type=\"sonstige\" data-event-category=\"textlink-sonstige\" rel=\"noopener\">erster Teaser-Trailer<\/a> erschienen ist.<\/p>\n<p>Eidinger ist aus zahlreichen Film- und Serien-Produktionen bekannt. So spielte er etwa von Anfang an in der Erfolgsserie \u201eBabylon Berlin\u201c an der Seite von <a href=\"https:\/\/www.fernsehserien.de\/volker-bruch\/filmografie\" data-type=\"person\" data-event-category=\"textlink-person\" target=\"_blank\" rel=\"noopener\">Volker Bruch<\/a> und <a href=\"https:\/\/www.fernsehserien.de\/liv-lisa-fries\/filmografie\" data-type=\"person\" data-event-category=\"textlink-person\" target=\"_blank\" rel=\"noopener\">Liv Lisa Fries<\/a> eine zentrale Rolle und wirkte zuletzt in <a href=\"https:\/\/www.fernsehserien.de\/kafka\" data-type=\"sendung\" data-event-category=\"textlink-serie\" target=\"_blank\" rel=\"noopener\">\u201eKafka\u201c<\/a> (2024) mit. Neben vielen deutschen war er zuletzt auch in einigen internationalen Produktionen zu sehen, wie etwa in der Netflix-Miniserie <a href=\"https:\/\/www.fernsehserien.de\/alles-licht-das-wir-nicht-sehen\" data-type=\"sendung\" data-event-category=\"textlink-serie\" target=\"_blank\" rel=\"noopener\">\u201eAlles Licht, das wir nicht sehen\u201c<\/a> (2023) von <a href=\"https:\/\/www.fernsehserien.de\/stranger-things\" data-type=\"sendung\" data-event-category=\"textlink-serie\" target=\"_blank\" rel=\"noopener\">\u201eStranger Things\u201c<\/a>-Produzent <a href=\"https:\/\/www.fernsehserien.de\/shawn-levy\/filmografie\" data-type=\"person\" data-event-category=\"textlink-person\" target=\"_blank\" rel=\"noopener\">Shawn Levy<\/a> oder aktuell in <a href=\"https:\/\/www.fernsehserien.de\/filme\/jay-kelly\" data-type=\"spielfilm\" data-event-category=\"textlink-film\" target=\"_blank\" rel=\"noopener\">\u201eJay Kelly\u201c<\/a> von <a href=\"https:\/\/www.fernsehserien.de\/noah-baumbach\/filmografie\" data-type=\"person\" data-event-category=\"textlink-person\" target=\"_blank\" rel=\"noopener\">Noah Baumbach<\/a> an der Seite von <a href=\"https:\/\/www.fernsehserien.de\/george-clooney\/filmografie\" data-type=\"person\" data-event-category=\"textlink-person\" target=\"_blank\" rel=\"noopener\">George Clooney<\/a>, <a href=\"https:\/\/www.fernsehserien.de\/adam-sandler\/filmografie\" data-type=\"person\" data-event-category=\"textlink-person\" target=\"_blank\" rel=\"noopener\">Adam Sandler<\/a> und <a href=\"https:\/\/www.fernsehserien.de\/laura-dern\/filmografie\" data-type=\"person\" data-event-category=\"textlink-person\" target=\"_blank\" rel=\"noopener\">Laura Dern<\/a>.<\/p>\n<p><script async src=\"\/\/www.instagram.com\/embed.js\"><\/script><\/p>\n","protected":false},"excerpt":{"rendered":"James Gunn baut sein neues DC-Universum mit weiteren Filmen und Serien aus. Nach dem erfolgreichen Kinostart der \u201eSuperman\u201c-Neuauflage&hellip;\n","protected":false},"author":2,"featured_media":662123,"comment_status":"","ping_status":"","sticky":false,"template":"","format":"standard","meta":{"footnotes":""},"categories":[1825],"tags":[296,29,2617,30,15,2618],"class_list":{"0":"post-662122","1":"post","2":"type-post","3":"status-publish","4":"format-standard","5":"has-post-thumbnail","7":"category-berlin","8":"tag-berlin","9":"tag-deutschland","10":"tag-fernsehserien","11":"tag-germany","12":"tag-news","13":"tag-tv-serien"},"share_on_mastodon":{"url":"https:\/\/pubeurope.com\/@de\/115757726865620402","error":""},"_links":{"self":[{"href":"https:\/\/www.europesays.com\/de\/wp-json\/wp\/v2\/posts\/662122","targetHints":{"allow":["GET"]}}],"collection":[{"href":"https:\/\/www.europesays.com\/de\/wp-json\/wp\/v2\/posts"}],"about":[{"href":"https:\/\/www.europesays.com\/de\/wp-json\/wp\/v2\/types\/post"}],"author":[{"embeddable":true,"href":"https:\/\/www.europesays.com\/de\/wp-json\/wp\/v2\/users\/2"}],"replies":[{"embeddable":true,"href":"https:\/\/www.europesays.com\/de\/wp-json\/wp\/v2\/comments?post=662122"}],"version-history":[{"count":0,"href":"https:\/\/www.europesays.com\/de\/wp-json\/wp\/v2\/posts\/662122\/revisions"}],"wp:featuredmedia":[{"embeddable":true,"href":"https:\/\/www.europesays.com\/de\/wp-json\/wp\/v2\/media\/662123"}],"wp:attachment":[{"href":"https:\/\/www.europesays.com\/de\/wp-json\/wp\/v2\/media?parent=662122"}],"wp:term":[{"taxonomy":"category","embeddable":true,"href":"https:\/\/www.europesays.com\/de\/wp-json\/wp\/v2\/categories?post=662122"},{"taxonomy":"post_tag","embeddable":true,"href":"https:\/\/www.europesays.com\/de\/wp-json\/wp\/v2\/tags?post=662122"}],"curies":[{"name":"wp","href":"https:\/\/api.w.org\/{rel}","templated":true}]}}