{"id":662151,"date":"2025-12-21T13:27:17","date_gmt":"2025-12-21T13:27:17","guid":{"rendered":"https:\/\/www.europesays.com\/de\/662151\/"},"modified":"2025-12-21T13:27:17","modified_gmt":"2025-12-21T13:27:17","slug":"ice-fahrt-endet-fuer-53-jaehrige-in-der-jva","status":"publish","type":"post","link":"https:\/\/www.europesays.com\/de\/662151\/","title":{"rendered":"ICE-Fahrt endet f\u00fcr 53-J\u00e4hrige in der JVA"},"content":{"rendered":"<p>Halle (Saale) &#8211; <b>Eine Fahrt mit dem ICE von <\/b><a href=\"https:\/\/www.tag24.de\/berlin\" target=\"_blank\" rel=\"noopener\">Berlin<\/a><b> in Richtung Halle (Saale) endete f\u00fcr eine Frau am Freitagmorgen hinter Gittern. <\/b><\/p>\n<p>            <img loading=\"lazy\" decoding=\"async\" class=\"article__img\" alt=\"Da die Frau nicht im Besitz eines g\u00fcltigen Tickets war, zogen die Zugbegleiter die Bundespolizei hinzu. (Symbolbild)\" width=\"951\" height=\"634\" src=\"https:\/\/www.europesays.com\/de\/wp-content\/uploads\/2025\/12\/ovmrm3v66y5hu6faghp8eb2dst4gqh9a.jpg\"  \/><\/p>\n<p>            Da die Frau nicht im Besitz eines g\u00fcltigen Tickets war, zogen die Zugbegleiter die Bundespolizei hinzu. (Symbolbild)\u00a0\u00a0\u00a9\u00a0Jan Woitas\/dpa<\/p>\n<p>Da die 53-J\u00e4hrige nicht im Besitz eines g\u00fcltigen Tickets war, verst\u00e4ndigten die Zugbegleiter die Bundespolizei.<\/p>\n<p>Am Hauptbahnhof in Halle stellten die Beamten bei der \u00dcberpr\u00fcfung der Personalien der rum\u00e4nischen Staatsangeh\u00f6rigen fest, dass das Amtsgericht Augsburg einen Untersuchungshaftbefehl gegen sie erlassen hatte. <\/p>\n<p>&#8222;Demnach ist sie dringend der K\u00f6rperverletzung verd\u00e4chtigt&#8220;, teilte die Bundespolizeiinspektion <a href=\"https:\/\/www.tag24.de\/magdeburg\" target=\"_blank\" rel=\"noopener\">Magdeburg<\/a> mit. &#8222;Sie verf\u00fcgt \u00fcber keinen festen Wohnsitz, h\u00e4lt sich im Verborgenen und es besteht Fluchtgefahr.&#8220; <\/p>\n<p>                             <a data-aid=\"3449705\" data-atype=\"news\" data-aplacement=\"inread-article\" data-aplacementid=\"3451520\" href=\"https:\/\/www.tag24.de\/sachsen-anhalt\/harte-tarifverhandlungen-im-nahverkehr-streiks-erwartet-3449705\" target=\"_blank\" rel=\"noopener\"><img loading=\"lazy\" decoding=\"async\" width=\"85\" height=\"57\" alt=\"Harte Tarifverhandlungen im Nahverkehr: Streiks erwartet\" src=\"https:\/\/www.europesays.com\/de\/wp-content\/uploads\/2025\/12\/zuqklzf6a9h1foyjwzszbr0gpjxmb5gj.jpg\"\/><\/a><\/p>\n<p>            Sachsen-Anhalt<br \/>\n                            <a class=\"inread-article__headline\" data-aid=\"3449705\" data-atype=\"news\" data-aplacement=\"inread-article\" data-aplacementid=\"3451520\" href=\"https:\/\/www.tag24.de\/sachsen-anhalt\/harte-tarifverhandlungen-im-nahverkehr-streiks-erwartet-3449705\" target=\"_blank\" rel=\"noopener\">Harte Tarifverhandlungen im Nahverkehr: Streiks erwartet<\/a><\/p>\n<p>Die Beamten konfrontierten die Frau mit dem Vorwurf und nahmen sie im Anschluss mit auf die Wache. <\/p>\n<p><b>Noch am Nachmittag \u00fcbergab man sie an <\/b><a href=\"https:\/\/www.tag24.de\/justiz\/polizei\" target=\"_blank\" rel=\"noopener\">Bundespolizisten<\/a><b> aus N\u00fcrnberg. Ein Richter in Augsburg best\u00e4tigte am Samstag den Untersuchungshaftbefehl, woraufhin die Frau in eine Justizvollzugsanstalt gebracht wurde. <\/b><\/p>\n","protected":false},"excerpt":{"rendered":"Halle (Saale) &#8211; Eine Fahrt mit dem ICE von Berlin in Richtung Halle (Saale) endete f\u00fcr eine Frau&hellip;\n","protected":false},"author":2,"featured_media":662152,"comment_status":"","ping_status":"","sticky":false,"template":"","format":"standard","meta":{"footnotes":""},"categories":[1860],"tags":[3364,29,548,663,3934,30,4062,17332,13,14,15,17331,860,12],"class_list":{"0":"post-662151","1":"post","2":"type-post","3":"status-publish","4":"format-standard","5":"has-post-thumbnail","7":"category-halle-saale","8":"tag-de","9":"tag-deutschland","10":"tag-eu","11":"tag-europa","12":"tag-europe","13":"tag-germany","14":"tag-halle","15":"tag-halle-saale","16":"tag-headlines","17":"tag-nachrichten","18":"tag-news","19":"tag-saale","20":"tag-sachsen-anhalt","21":"tag-schlagzeilen"},"share_on_mastodon":{"url":"https:\/\/pubeurope.com\/@de\/115757793746288599","error":""},"_links":{"self":[{"href":"https:\/\/www.europesays.com\/de\/wp-json\/wp\/v2\/posts\/662151","targetHints":{"allow":["GET"]}}],"collection":[{"href":"https:\/\/www.europesays.com\/de\/wp-json\/wp\/v2\/posts"}],"about":[{"href":"https:\/\/www.europesays.com\/de\/wp-json\/wp\/v2\/types\/post"}],"author":[{"embeddable":true,"href":"https:\/\/www.europesays.com\/de\/wp-json\/wp\/v2\/users\/2"}],"replies":[{"embeddable":true,"href":"https:\/\/www.europesays.com\/de\/wp-json\/wp\/v2\/comments?post=662151"}],"version-history":[{"count":0,"href":"https:\/\/www.europesays.com\/de\/wp-json\/wp\/v2\/posts\/662151\/revisions"}],"wp:featuredmedia":[{"embeddable":true,"href":"https:\/\/www.europesays.com\/de\/wp-json\/wp\/v2\/media\/662152"}],"wp:attachment":[{"href":"https:\/\/www.europesays.com\/de\/wp-json\/wp\/v2\/media?parent=662151"}],"wp:term":[{"taxonomy":"category","embeddable":true,"href":"https:\/\/www.europesays.com\/de\/wp-json\/wp\/v2\/categories?post=662151"},{"taxonomy":"post_tag","embeddable":true,"href":"https:\/\/www.europesays.com\/de\/wp-json\/wp\/v2\/tags?post=662151"}],"curies":[{"name":"wp","href":"https:\/\/api.w.org\/{rel}","templated":true}]}}